{"id":512887,"date":"2017-12-23T16:29:36","date_gmt":"2017-12-23T22:29:36","guid":{"rendered":"https:\/\/www.futboltotal.com.mx\/?p=512887"},"modified":"2017-12-23T16:29:36","modified_gmt":"2017-12-23T22:29:36","slug":"psg-real-madrid-la-final-todos-esperaban-neymar","status":"publish","type":"post","link":"http:\/\/desarrollo.grupomedios.com\/futbol\/futbol-internacional\/psg-real-madrid-la-final-todos-esperaban-neymar\/2017\/12","title":{"rendered":"PSG-Real Madrid, la final que todos esperaban: Neymar"},"content":{"rendered":"<p><strong>POR: EFE<\/strong><\/p>\n<p>El delantero del <strong>Par\u00eds Saint-Germain<\/strong> Neymar dijo este s\u00e1bado que el duelo contra el <strong>Real Madrid<\/strong> en los octavos de final de la Liga de Campeones &#8220;es la final que la mayor\u00eda esperaba&#8221; y asegur\u00f3 que ya se est\u00e1n preparando para esa decisiva eliminatoria.<\/p>\n<p>&#8220;Estamos prepar\u00e1ndonos para jugar ese gran duelo. <strong>Es la final que la mayor\u00eda esperaba<\/strong>, pero se anticip\u00f3&#8221;, dijo el atacante brasile\u00f1o tras participar en un partido de beneficencia contra el hambre en la ciudad de Jundia\u00ed, en el interior del estado de Sao Paulo.<\/p>\n<p>Real Madrid, vigente campe\u00f3n de la Liga de Campeones, y el Par\u00eds Saint-Germain, liderado por el tridente ofensivo formado por el propio <strong>Neymar<\/strong>, el franc\u00e9s <strong>Kylian Mbapp\u00e9<\/strong> y el uruguayo <strong>Edinson Cavani<\/strong>, se medir\u00e1n el 14 de febrero en el estadio Santiago Bernab\u00e9u y el 6 de marzo en el Parque de los Pr\u00edncipes de la capital gala.<\/p>\n<p>Neymar hizo esos comentarios en la que fue la octava edici\u00f3n del partido conocido como &#8220;<strong>Fome S\u00f3 de Bola<\/strong>&#8221; (Hambre solo de bola), organizado por el centrocampista Nen\u00ea y el actor Caio Castro para luchar contra el hambre.<\/p>\n<p style=\"text-align: center;\"><span style=\"color: #333399;\"><a href=\"https:\/\/www.futboltotal.com.mx\/futbol-internacional\/harry-kane-persigue-a-messi-mejor-goleador-del-2017\/2017\/12\">VER M\u00c1S:\u00a0<span class=\"item-title\">Harry Kane persigue a Messi como el mejor goleador del 2017<\/span><\/a><\/span><\/p>\n<p style=\"text-align: left;\"><span style=\"color: #333399;\"><\/span>La estrella de la Canarinha se hizo esperar y solo salt\u00f3 al c\u00e9sped del <strong>estadio<\/strong> <strong>Jayme Cintra<\/strong> en la segunda parte, tiempo en el que mostr\u00f3 su calidad por medio de goles de aut\u00e9ntica fantas\u00eda en un clima distendido y completamente navide\u00f1o.<\/p>\n<p>En total, una lluvia de 18 goles (11-7 para el equipo de <strong>Nen\u00ea<\/strong> en el que particip\u00f3 Neymar) y 30 toneladas de alimentos recogidos.<\/p>\n<p>Neymar lleg\u00f3 in extremis al encuentro, pues el viernes por la ma\u00f1ana estaba con su equipo en Doha, la capital de C<strong>atar<\/strong>, pero consigui\u00f3 llegar a Par\u00eds y de ah\u00ed directo para Sao Paulo en poco m\u00e1s de 24 horas.<\/p>\n<p style=\"text-align: center;\"><span style=\"color: #333399;\"><a href=\"https:\/\/www.futboltotal.com.mx\/destacado-home\/real-madrid-0-barcelona-3-clasico-futbol-espanol-resumen\/2017\/12\">VER M\u00c1S:\u00a0<span class=\"item-title\">Barcelona humilla al Real Madrid y da golpe de autoridad en Espa\u00f1a<\/span><\/a><\/span><\/p>\n<p style=\"text-align: left;\"><span style=\"color: #333399;\"><\/span>La expectativa es que el exjugador del Barcelona pase la Navidad y la Nochevieja en <strong>Brasil<\/strong> al lado de sus familiares antes de ponerse nuevamente a las \u00f3rdenes del t\u00e9cnico Unai Emery.<\/p>\n","protected":false},"excerpt":{"rendered":"<p>El delantero brasile\u00f1o asegur\u00f3 que en la Champions se esperaba el encuentro<\/p>\n","protected":false},"author":160,"featured_media":512888,"comment_status":"closed","ping_status":"closed","sticky":false,"template":"","format":"standard","meta":[],"categories":[3841,3839],"tags":[36,6001,114,5988],"_links":{"self":[{"href":"http:\/\/desarrollo.grupomedios.com\/futbol\/wp-json\/wp\/v2\/posts\/512887"}],"collection":[{"href":"http:\/\/desarrollo.grupomedios.com\/futbol\/wp-json\/wp\/v2\/posts"}],"about":[{"href":"http:\/\/desarrollo.grupomedios.com\/futbol\/wp-json\/wp\/v2\/types\/post"}],"author":[{"embeddable":true,"href":"http:\/\/desarrollo.grupomedios.com\/futbol\/wp-json\/wp\/v2\/users\/160"}],"replies":[{"embeddable":true,"href":"http:\/\/desarrollo.grupomedios.com\/futbol\/wp-json\/wp\/v2\/comments?post=512887"}],"version-history":[{"count":1,"href":"http:\/\/desarrollo.grupomedios.com\/futbol\/wp-json\/wp\/v2\/posts\/512887\/revisions"}],"predecessor-version":[{"id":512889,"href":"http:\/\/desarrollo.grupomedios.com\/futbol\/wp-json\/wp\/v2\/posts\/512887\/revisions\/512889"}],"wp:featuredmedia":[{"embeddable":true,"href":"http:\/\/desarrollo.grupomedios.com\/futbol\/wp-json\/wp\/v2\/media\/512888"}],"wp:attachment":[{"href":"http:\/\/desarrollo.grupomedios.com\/futbol\/wp-json\/wp\/v2\/media?parent=512887"}],"wp:term":[{"taxonomy":"category","embeddable":true,"href":"http:\/\/desarrollo.grupomedios.com\/futbol\/wp-json\/wp\/v2\/categories?post=512887"},{"taxonomy":"post_tag","embeddable":true,"href":"http:\/\/desarrollo.grupomedios.com\/futbol\/wp-json\/wp\/v2\/tags?post=512887"}],"curies":[{"name":"wp","href":"https:\/\/api.w.org\/{rel}","templated":true}]}}