{"id":512894,"date":"2017-12-24T10:50:03","date_gmt":"2017-12-24T16:50:03","guid":{"rendered":"https:\/\/www.futboltotal.com.mx\/?p=512894"},"modified":"2017-12-24T10:50:03","modified_gmt":"2017-12-24T16:50:03","slug":"real-madrid-ha-tenido-mejor-ano-historia-florentino","status":"publish","type":"post","link":"http:\/\/desarrollo.grupomedios.com\/futbol\/futbol-internacional\/real-madrid-ha-tenido-mejor-ano-historia-florentino\/2017\/12","title":{"rendered":"Real Madrid ha tenido el mejor a\u00f1o de su historia: Florentino"},"content":{"rendered":"<p><strong>POR: EFE<\/strong><\/p>\n<p><strong>Florentino P\u00e9rez<\/strong>, presidente del <strong>Real Madrid<\/strong>, asegur\u00f3 en el tradicional mensaje navide\u00f1o publicado en la web del club blanco que en cuanto a t\u00edtulos este <strong>2017<\/strong> que ahora termina hab\u00eda sido el mejor a\u00f1o de la historia.<\/p>\n<p>&#8220;2017 ha sido un a\u00f1o que los madridistas no olvidaremos nunca. En f\u00fatbol, ha sido el a\u00f1o de la Duod\u00e9cima y el de los 5 t\u00edtulos. La <strong>Champions, la Liga n\u00famero 33, la Supercopa de Europa, la Supercopa de Espa\u00f1a<\/strong> y hace tan solo unos d\u00edas el sexto <strong>Mundial de Clubes<\/strong> que hemos conquistado en Abu Dabi. En t\u00edtulos, sin ninguna duda este ha sido el mejor de los 115 a\u00f1os de nuestra historia&#8221;, se\u00f1al\u00f3 el mandatario.<\/p>\n<p>&#8220;Los madridistas nos sentimos orgullosos de nuestro equipo y de nuestro entrenador, <strong>Zinedine Zidane<\/strong>. Ellos forman parte de esta leyenda y de este mito que es el Real Madrid&#8221;, dijo Florentino P\u00e9rez, quien tambi\u00e9n record\u00f3 la consecuci\u00f3n de la vig\u00e9simo s\u00e9ptima Copa del Rey de baloncesto, deporte en el que est\u00e1n &#8220;disfrutando de un ciclo inolvidable, con 13 t\u00edtulos en seis a\u00f1os, con nuestro entrenador Pablo Laso al frente&#8221;.<\/p>\n<p>&#8220;Y lo m\u00e1s importante es que todo lo hemos conseguido juntos&#8221;, continu\u00f3, &#8220;nuestros socios y aficionados han vuelto a ser fundamentales en todos estos \u00e9xitos, con su apoyo en cada partido y en cada final. <strong>Son t\u00edtulos que se han conseguido desde la unidad de todos<\/strong> y con los valores que representan al Real Madrid&#8221;.<\/p>\n<p style=\"text-align: center;\"><span style=\"color: #333399;\"><a href=\"https:\/\/www.futboltotal.com.mx\/futbol-internacional\/psg-real-madrid-la-final-todos-esperaban-neymar\/2017\/12\">VER M\u00c1S &#8211;\u00a0<span class=\"item-title\">PSG-Real Madrid, la final que todos esperaban: Neymar<\/span>\u00a0<\/a><\/span><\/p>\n<p style=\"text-align: left;\"><span style=\"color: #333399;\"><\/span>Zinedine Zidane expres\u00f3 que estaba &#8220;muy contento&#8221; por el c\u00f3mputo del a\u00f1o en el que ganaron cinco t\u00edtulos -Liga, Liga de Campeones, las dos Supercopas y el Mundial de Clubes-, y afirm\u00f3 que el balance era &#8220;muy positivo&#8221; por lo que apunt\u00f3 que lo que quieren es &#8220;<strong>seguir en esta l\u00ednea para 2018<\/strong>&#8220;.<\/p>\n<p>El capit\u00e1n de la primera plantilla blanca, <strong>Sergio Ramos<\/strong>, tambi\u00e9n indic\u00f3 que hab\u00eda sido &#8220;un a\u00f1o fabuloso e hist\u00f3rico para todos, no s\u00f3lo para el club sino tambi\u00e9n a nivel personal&#8221;.<\/p>\n<p>&#8220;Ha sido un a\u00f1o muy completo y el sacrificio y el esfuerzo constante acaban teniendo esa recompensa&#8221;, afirm\u00f3 Ramos, quien agreg\u00f3: &#8220;Nuestra misma historia lo dice. Nunca hab\u00edamos tenido un a\u00f1o tan exitoso, con tantos t\u00edtulos. Es un peque\u00f1o plus para seguir trabajando, logrando \u00e9xitos y a\u00f1adiendo t\u00edtulos. Ese es el camino id\u00f3neo a seguir y <strong>ojal\u00e1 nos dure mucho esta racha y podamos seguir disfrutando de esta \u00e9poca tan dulce y bonita<\/strong>&#8220;.<\/p>\n<p style=\"text-align: center;\"><span style=\"color: #333399;\"><a href=\"https:\/\/www.futboltotal.com.mx\/videos\/la-epica-falla-cristiano-ronaldo-en-real-madrid-barcelona\/2017\/12\">VER M\u00c1S:\u00a0<span class=\"item-title\">La \u00e9pica falla de Cristiano Ronaldo en el Real Madrid-Barcelona<\/span><\/a><\/span><\/p>\n<p style=\"text-align: left;\"><span style=\"color: #333399;\"><\/span>El brasile\u00f1o <strong>Marcelo<\/strong>, segundo capit\u00e1n, apunt\u00f3 que el objetivo era &#8220;ganar el m\u00e1ximo de t\u00edtulos posibles&#8221;. &#8220;Lo hemos dado todo, hemos trabajado dur\u00edsimo para lograr estos cinco t\u00edtulos. Por eso lo valoro como un a\u00f1o muy bueno. Hemos disfrutado much\u00edsimo a lo largo de 2017&#8221;, se\u00f1al\u00f3.<\/p>\n<p><strong>Pablo Laso<\/strong>, t\u00e9cnico del conjunto de baloncesto, tambi\u00e9n manifest\u00f3 que hab\u00eda sido &#8220;un a\u00f1o muy bueno para todo el madridismo, tanto en f\u00fatbol como en baloncesto&#8221; y pese al final de a\u00f1o complicado, &#8220;con muchas lesiones&#8221;, asegur\u00f3 que estaba &#8220;muy orgulloso&#8221; de que sus pupilos sigan transmitiendo &#8220;cosas&#8221; a sus aficionados.<\/p>\n","protected":false},"excerpt":{"rendered":"<p>El presidente madridista asegur\u00f3 que han ganado todo lo mejor <\/p>\n","protected":false},"author":160,"featured_media":512895,"comment_status":"closed","ping_status":"closed","sticky":false,"template":"","format":"standard","meta":[],"categories":[3839,3844],"tags":[97,491,76,5988,607],"_links":{"self":[{"href":"http:\/\/desarrollo.grupomedios.com\/futbol\/wp-json\/wp\/v2\/posts\/512894"}],"collection":[{"href":"http:\/\/desarrollo.grupomedios.com\/futbol\/wp-json\/wp\/v2\/posts"}],"about":[{"href":"http:\/\/desarrollo.grupomedios.com\/futbol\/wp-json\/wp\/v2\/types\/post"}],"author":[{"embeddable":true,"href":"http:\/\/desarrollo.grupomedios.com\/futbol\/wp-json\/wp\/v2\/users\/160"}],"replies":[{"embeddable":true,"href":"http:\/\/desarrollo.grupomedios.com\/futbol\/wp-json\/wp\/v2\/comments?post=512894"}],"version-history":[{"count":1,"href":"http:\/\/desarrollo.grupomedios.com\/futbol\/wp-json\/wp\/v2\/posts\/512894\/revisions"}],"predecessor-version":[{"id":512896,"href":"http:\/\/desarrollo.grupomedios.com\/futbol\/wp-json\/wp\/v2\/posts\/512894\/revisions\/512896"}],"wp:featuredmedia":[{"embeddable":true,"href":"http:\/\/desarrollo.grupomedios.com\/futbol\/wp-json\/wp\/v2\/media\/512895"}],"wp:attachment":[{"href":"http:\/\/desarrollo.grupomedios.com\/futbol\/wp-json\/wp\/v2\/media?parent=512894"}],"wp:term":[{"taxonomy":"category","embeddable":true,"href":"http:\/\/desarrollo.grupomedios.com\/futbol\/wp-json\/wp\/v2\/categories?post=512894"},{"taxonomy":"post_tag","embeddable":true,"href":"http:\/\/desarrollo.grupomedios.com\/futbol\/wp-json\/wp\/v2\/tags?post=512894"}],"curies":[{"name":"wp","href":"https:\/\/api.w.org\/{rel}","templated":true}]}}