{"id":512907,"date":"2017-12-24T12:20:13","date_gmt":"2017-12-24T18:20:13","guid":{"rendered":"https:\/\/www.futboltotal.com.mx\/?p=512907"},"modified":"2017-12-24T12:20:13","modified_gmt":"2017-12-24T18:20:13","slug":"puebla-ficha-a-seleccionado-sudamericano-clausura-2018","status":"publish","type":"post","link":"http:\/\/desarrollo.grupomedios.com\/futbol\/destacado-home\/puebla-ficha-a-seleccionado-sudamericano-clausura-2018\/2017\/12","title":{"rendered":"Puebla ficha a seleccionado sudamericano para el Clausura 2018"},"content":{"rendered":"<p><strong>POR: STAFF FT<\/strong><\/p>\n<p>El <strong>Club Puebla<\/strong> ha anunciado el fichaje del mediocampista boliviano <strong>Alejandro Chumacero<\/strong>, quien llega proveniente del <strong>The Strongest<\/strong>.<\/p>\n<p>El seleccionado sudamericano se convierte en una de las nuevas caras que tendr\u00e1n los poblanos para el Torneo Clausura 2018.<\/p>\n<p>Chumacero se suma a la llegada del peruano Anderson Santamar\u00eda, como refuerzos de Sudam\u00e9rica que sumar\u00e1 la Franja.<\/p>\n<p>As\u00ed fue el anuncio del club Puebla sobre la llegada del mediocampista de Bolivia.<\/p>\n<blockquote class=\"twitter-tweet\" data-lang=\"es\">\n<p dir=\"ltr\" lang=\"es\">\u00a1Bienvenido a casa, <a href=\"https:\/\/twitter.com\/alejandrocb54?ref_src=twsrc%5Etfw\">@alejandrocb54<\/a>!<a href=\"https:\/\/twitter.com\/hashtag\/YoCreoEnLaFranja?src=hash&amp;ref_src=twsrc%5Etfw\">#YoCreoEnLaFranja<\/a>&#x1f3bd; <a href=\"https:\/\/t.co\/0Q5aYtppCV\">pic.twitter.com\/0Q5aYtppCV<\/a><\/p>\n<p>\u2014 Club Puebla&#x1f3bd; (@ClubPueblaMX) <a href=\"https:\/\/twitter.com\/ClubPueblaMX\/status\/944991737562349569?ref_src=twsrc%5Etfw\">24 de diciembre de 2017<\/a><\/p><\/blockquote>\n<p><script async src=\"https:\/\/platform.twitter.com\/widgets.js\" charset=\"utf-8\"><\/script><\/p>\n","protected":false},"excerpt":{"rendered":"<p>El mediocampista ser\u00e1 nuevo jugador de la Franja<\/p>\n","protected":false},"author":160,"featured_media":512908,"comment_status":"closed","ping_status":"closed","sticky":false,"template":"","format":"standard","meta":[],"categories":[5,2198,3845],"tags":[8641,5969],"_links":{"self":[{"href":"http:\/\/desarrollo.grupomedios.com\/futbol\/wp-json\/wp\/v2\/posts\/512907"}],"collection":[{"href":"http:\/\/desarrollo.grupomedios.com\/futbol\/wp-json\/wp\/v2\/posts"}],"about":[{"href":"http:\/\/desarrollo.grupomedios.com\/futbol\/wp-json\/wp\/v2\/types\/post"}],"author":[{"embeddable":true,"href":"http:\/\/desarrollo.grupomedios.com\/futbol\/wp-json\/wp\/v2\/users\/160"}],"replies":[{"embeddable":true,"href":"http:\/\/desarrollo.grupomedios.com\/futbol\/wp-json\/wp\/v2\/comments?post=512907"}],"version-history":[{"count":1,"href":"http:\/\/desarrollo.grupomedios.com\/futbol\/wp-json\/wp\/v2\/posts\/512907\/revisions"}],"predecessor-version":[{"id":512909,"href":"http:\/\/desarrollo.grupomedios.com\/futbol\/wp-json\/wp\/v2\/posts\/512907\/revisions\/512909"}],"wp:featuredmedia":[{"embeddable":true,"href":"http:\/\/desarrollo.grupomedios.com\/futbol\/wp-json\/wp\/v2\/media\/512908"}],"wp:attachment":[{"href":"http:\/\/desarrollo.grupomedios.com\/futbol\/wp-json\/wp\/v2\/media?parent=512907"}],"wp:term":[{"taxonomy":"category","embeddable":true,"href":"http:\/\/desarrollo.grupomedios.com\/futbol\/wp-json\/wp\/v2\/categories?post=512907"},{"taxonomy":"post_tag","embeddable":true,"href":"http:\/\/desarrollo.grupomedios.com\/futbol\/wp-json\/wp\/v2\/tags?post=512907"}],"curies":[{"name":"wp","href":"https:\/\/api.w.org\/{rel}","templated":true}]}}