{"id":512937,"date":"2017-12-25T14:48:15","date_gmt":"2017-12-25T20:48:15","guid":{"rendered":"https:\/\/www.futboltotal.com.mx\/?p=512937"},"modified":"2017-12-25T14:48:32","modified_gmt":"2017-12-25T20:48:32","slug":"isco-harto-en-real-madrid","status":"publish","type":"post","link":"http:\/\/desarrollo.grupomedios.com\/futbol\/futbol-internacional\/isco-harto-en-real-madrid\/2017\/12","title":{"rendered":"Isco, harto en el Real Madrid"},"content":{"rendered":"<p><em>Por: Sport<\/em><\/p>\n<p><strong>Isco<\/strong> se siente, una vez m\u00e1s, enga\u00f1ado. En esta ocasi\u00f3n, la felicidad le ha durado m\u00e1s que en anteriores ocasiones. El malague\u00f1o ven\u00eda jugando todos los partidos como titular y ven\u00eda haci\u00e9ndolo, adem\u00e1s, acaparando elogios por su buen nivel de juego. Sin embargo, a<strong> Zidane<\/strong> le dio el s\u00edndrome del entrenador en el Cl\u00e1sico y su invento de alinear a <strong>Kovacic<\/strong> le dej\u00f3 sin minutos.<\/p>\n<p>Toda la temporada siendo de los mejores del equipo blanco para llegar al<strong> Cl\u00e1sico<\/strong> y quedarse en el banquillo. Sin duda, un golpe inesperado para el ex del <strong>M\u00e1laga<\/strong>, que tardar\u00e1 mucho tiempo a olvidar la humillaci\u00f3n sufrida por su propio entrenador. De hecho, est\u00e1 por ver cu\u00e1l ser\u00e1 el rendimiento de Isco a partir de ahora. Y es que volver a ser titular en los pr\u00f3ximos partidos no curar\u00e1 la herida de un jugador al que le han vuelto a dejar claro que, en los d\u00edas grandes, no se conf\u00eda en \u00e9l.<\/p>\n<p style=\"text-align: center;\"><span style=\"color: #3366ff;\"><a href=\"https:\/\/www.futboltotal.com.mx\/futbol-internacional\/liga-de-francia-futbol-internacional\/mauricio-pochettino-reemplazo-emery-en-psg\/2017\/12\">VER M\u00c1S: Mauricio Pochettino, el reemplazo de Emery en el PSG<\/a><\/span><\/p>\n<p>Su renovaci\u00f3n fue un aut\u00e9ntico culebr\u00f3n. El inter\u00e9s del <strong>Bar\u00e7a<\/strong> le hizo dudar pero la subida de la ficha anual y las promesas de Zidane le hicieron decantarse por ampliar su matrimonio con el conjunto blanco. Pese al buen hacer de Kovacic en la pretemporada y el fichaje de <strong>Ceballos<\/strong>, Isco se gan\u00f3 un puesto en el once. Lo hizo gracias a sus buenas actuaciones y tambi\u00e9n gracias a que la intocable <em>BBC<\/em>\u00a0de Zidane se ha visto una y otra vez mermada por las constantes lesiones de Bale. Y es que, con el 4-3-3, Isco no tiene sitio ya que son <strong>Casemiro<\/strong>, <strong>Modric<\/strong> y <strong>Kroos<\/strong> los titulares.<\/p>\n<p>Todo esto ven\u00eda importando poco en este curso. El malague\u00f1o lo hab\u00eda jugado todo y por fin se sent\u00eda importante. Sus goles y asistencias ven\u00edan maravillando a un<strong> Bernab\u00e9u<\/strong> que no entiende por qu\u00e9 Zidane decidi\u00f3 prescindir de uno de sus jugadores m\u00e1s creativos. Isco se siente de nuevo enga\u00f1ado y en esta ocasi\u00f3n las consecuencias en forma de estado an\u00edmico pueden durar varios meses.<\/p>\n<p>El problema ahora es que Isco ni siquiera es due\u00f1o de su futuro, ya que su prohibitiva cl\u00e1usula de 700 millones de euros dificulta mucho un posible traspaso el pr\u00f3ximo verano. El centrocampista confi\u00f3 en unas promesas incumplidas y ahora no le queda otra que resignarse.<\/p>\n","protected":false},"excerpt":{"rendered":"<p>El espa\u00f1ol no ha diputado los partidos importantes.<\/p>\n","protected":false},"author":129,"featured_media":512938,"comment_status":"closed","ping_status":"closed","sticky":false,"template":"","format":"standard","meta":[],"categories":[3839,3844],"tags":[6214,6071,1913,5988],"_links":{"self":[{"href":"http:\/\/desarrollo.grupomedios.com\/futbol\/wp-json\/wp\/v2\/posts\/512937"}],"collection":[{"href":"http:\/\/desarrollo.grupomedios.com\/futbol\/wp-json\/wp\/v2\/posts"}],"about":[{"href":"http:\/\/desarrollo.grupomedios.com\/futbol\/wp-json\/wp\/v2\/types\/post"}],"author":[{"embeddable":true,"href":"http:\/\/desarrollo.grupomedios.com\/futbol\/wp-json\/wp\/v2\/users\/129"}],"replies":[{"embeddable":true,"href":"http:\/\/desarrollo.grupomedios.com\/futbol\/wp-json\/wp\/v2\/comments?post=512937"}],"version-history":[{"count":1,"href":"http:\/\/desarrollo.grupomedios.com\/futbol\/wp-json\/wp\/v2\/posts\/512937\/revisions"}],"predecessor-version":[{"id":512939,"href":"http:\/\/desarrollo.grupomedios.com\/futbol\/wp-json\/wp\/v2\/posts\/512937\/revisions\/512939"}],"wp:featuredmedia":[{"embeddable":true,"href":"http:\/\/desarrollo.grupomedios.com\/futbol\/wp-json\/wp\/v2\/media\/512938"}],"wp:attachment":[{"href":"http:\/\/desarrollo.grupomedios.com\/futbol\/wp-json\/wp\/v2\/media?parent=512937"}],"wp:term":[{"taxonomy":"category","embeddable":true,"href":"http:\/\/desarrollo.grupomedios.com\/futbol\/wp-json\/wp\/v2\/categories?post=512937"},{"taxonomy":"post_tag","embeddable":true,"href":"http:\/\/desarrollo.grupomedios.com\/futbol\/wp-json\/wp\/v2\/tags?post=512937"}],"curies":[{"name":"wp","href":"https:\/\/api.w.org\/{rel}","templated":true}]}}