{"id":512940,"date":"2017-12-25T14:57:05","date_gmt":"2017-12-25T20:57:05","guid":{"rendered":"https:\/\/www.futboltotal.com.mx\/?p=512940"},"modified":"2017-12-25T14:57:05","modified_gmt":"2017-12-25T20:57:05","slug":"arbitro-chileno-perderia-gafete-fifa-este-tremendo-error","status":"publish","type":"post","link":"http:\/\/desarrollo.grupomedios.com\/futbol\/videos\/arbitro-chileno-perderia-gafete-fifa-este-tremendo-error\/2017\/12","title":{"rendered":"\u00c1rbitro chileno perder\u00eda gafete FIFA por este tremendo error"},"content":{"rendered":"<p>El error garrafal del <strong>\u00e1rbitro chileno Eduardo Gamboa<\/strong> en una tanda de penaltis entre <strong>Vallenar<\/strong> y <strong>Melipilla<\/strong>, que luchaban por subir a segunda divisi\u00f3n, y que tendr\u00e1 que repetirse, le podr\u00eda significar perder la categor\u00eda de \u00e1rbitro <strong>FIFA<\/strong>.<\/p>\n<p>Gamboa debe presentarse durante esta semana en la<strong> Comisi\u00f3n de \u00c1rbitros de la Asociaci\u00f3n Nacional del F\u00fatbol Profesional (ANFP)<\/strong>, donde se le comunicar\u00e1 la sanci\u00f3n por su error, calificado como &#8220;grave e hist\u00f3rico&#8221; por <strong>Enrique Osses<\/strong>, jefe del comit\u00e9.<\/p>\n<p style=\"text-align: center;\"><span style=\"color: #3366ff;\"><a href=\"https:\/\/www.futboltotal.com.mx\/futbol-internacional\/liga-de-espana\/isco-harto-en-real-madrid\/2017\/12\">VER M\u00c1S: Isco, harto en el Real Madrid<\/a><\/span><\/p>\n<p>El refer\u00ed no aplic\u00f3 una regla implementada en junio de este a\u00f1o por la FIFA, en la que si un ejecutor y un guardameta cometen un error al mismo tiempo, el lanzamiento queda anulado en la tanda y se debe pasar al siguiente disparo.<\/p>\n<p>La situaci\u00f3n se dio en el partido jugado el pasado 19 de diciembre y en el que tras la tanda de penaltis Vallenar subi\u00f3 a la segunda divisi\u00f3n, algo que ahora est\u00e1 en duda ya que se ha ordenado repetir los tiros desde los doce pasos.<\/p>\n<p>Cuando <strong>Juan Silva<\/strong>, jugador del Vallenar, se detuvo antes de lanzar y el portero del Melipilla <strong>Jaime Bravo<\/strong> se adelant\u00f3, Gamboa decidi\u00f3 repetir la acci\u00f3n, lo que produjo el reclamo airado de los jugadores.<\/p>\n<p style=\"text-align: center;\"><span style=\"color: #3366ff;\"><a href=\"https:\/\/www.futboltotal.com.mx\/futbol-internacional\/luis-angel-landin-subcampeon-herediano-en-costa-rica\/2017\/12\">VER M\u00c1S: Luis \u00c1ngel Land\u00edn, subcampe\u00f3n con Herediano en Costa Rica<\/a><\/span><\/p>\n<p><iframe loading=\"lazy\" src=\"https:\/\/www.youtube.com\/embed\/qn5VPWlIkrA?feature=oembed\" frameborder=\"0\" gesture=\"media\" allow=\"encrypted-media\" allowfullscreen><\/iframe><\/p>\n<p>La ANFP entreg\u00f3 los antecedentes del problema a la Conmebol y la FIFA, quienes decidieron no contar con Gamboa para los duelos de Copa Libertadores y Copa Sudamericana 2018, as\u00ed que perder\u00e1 su categor\u00eda como \u00e1rbitro internacional.<\/p>\n<p>El primer castigo para el \u00e1rbitro chileno es que no podr\u00e1 dirigir por lo menos seis meses en competencias nacionales. La instancia puede aplicar un castigo m\u00e1s duro si lo estima necesario. EFE<\/p>\n","protected":false},"excerpt":{"rendered":"<p>El partido se repetir\u00e1 por el error del \u00e1rbitro.<\/p>\n","protected":false},"author":129,"featured_media":512941,"comment_status":"closed","ping_status":"closed","sticky":false,"template":"","format":"standard","meta":[],"categories":[3839,4],"tags":[361,11429,6214],"_links":{"self":[{"href":"http:\/\/desarrollo.grupomedios.com\/futbol\/wp-json\/wp\/v2\/posts\/512940"}],"collection":[{"href":"http:\/\/desarrollo.grupomedios.com\/futbol\/wp-json\/wp\/v2\/posts"}],"about":[{"href":"http:\/\/desarrollo.grupomedios.com\/futbol\/wp-json\/wp\/v2\/types\/post"}],"author":[{"embeddable":true,"href":"http:\/\/desarrollo.grupomedios.com\/futbol\/wp-json\/wp\/v2\/users\/129"}],"replies":[{"embeddable":true,"href":"http:\/\/desarrollo.grupomedios.com\/futbol\/wp-json\/wp\/v2\/comments?post=512940"}],"version-history":[{"count":1,"href":"http:\/\/desarrollo.grupomedios.com\/futbol\/wp-json\/wp\/v2\/posts\/512940\/revisions"}],"predecessor-version":[{"id":512942,"href":"http:\/\/desarrollo.grupomedios.com\/futbol\/wp-json\/wp\/v2\/posts\/512940\/revisions\/512942"}],"wp:featuredmedia":[{"embeddable":true,"href":"http:\/\/desarrollo.grupomedios.com\/futbol\/wp-json\/wp\/v2\/media\/512941"}],"wp:attachment":[{"href":"http:\/\/desarrollo.grupomedios.com\/futbol\/wp-json\/wp\/v2\/media?parent=512940"}],"wp:term":[{"taxonomy":"category","embeddable":true,"href":"http:\/\/desarrollo.grupomedios.com\/futbol\/wp-json\/wp\/v2\/categories?post=512940"},{"taxonomy":"post_tag","embeddable":true,"href":"http:\/\/desarrollo.grupomedios.com\/futbol\/wp-json\/wp\/v2\/tags?post=512940"}],"curies":[{"name":"wp","href":"https:\/\/api.w.org\/{rel}","templated":true}]}}