{"id":512945,"date":"2017-12-25T15:22:24","date_gmt":"2017-12-25T21:22:24","guid":{"rendered":"https:\/\/www.futboltotal.com.mx\/?p=512945"},"modified":"2017-12-25T15:22:24","modified_gmt":"2017-12-25T21:22:24","slug":"chivas-apostara-los-jovenes-en-2018","status":"publish","type":"post","link":"http:\/\/desarrollo.grupomedios.com\/futbol\/destacado-home\/chivas-apostara-los-jovenes-en-2018\/2017\/12","title":{"rendered":"Chivas apostar\u00e1 por los j\u00f3venes en el 2018"},"content":{"rendered":"<p>Las <strong>Chivas<\/strong> ya tienen su prop\u00f3sito de Navidad y A\u00f1o Nuevo y dentro de ellos se encuentra es volver a destacar con los j\u00f3venes y confiar en su cantera para el 2018.<\/p>\n<p><strong>Jorge Vergara<\/strong>, due\u00f1o del equipo tapat\u00edo, le envi\u00f3 un mensaje a su afici\u00f3n, donde les pide paciencia y apoyo para lo que est\u00e1n proyectando.<\/p>\n<p>\u201cQue tengan paciencia, que apoyen al equipo con todo lo que tiene, que le pidan a Santa Claus mucha paciencia. Hay un proyecto ganador con los chavos que trajimos, con los chavos que tenemos, estamos apostando a la juventud, a la cantera\u201d, dijo para el portal <em>Mediotiempo<\/em> el empresario tapat\u00edo.<\/p>\n<p style=\"text-align: center;\"><span style=\"color: #3366ff;\"><a href=\"https:\/\/www.futboltotal.com.mx\/futbol-mexicano\/liga-mx\/angel-zaldivar-aplica-una-broma-a-la-pique-oswaldo-alanis\/2017\/12\">VER M\u00c1S: \u00c1ngel Zald\u00edvar aplica una broma a la \u2018Piqu\u00e9\u2019 con Oswaldo Alan\u00eds<\/a><\/span><\/p>\n<p>El due\u00f1o del<strong> Reba\u00f1o Sagrado<\/strong> mencion\u00f3 que, en muchas ocasiones, le cuesta trabajo al mexicano creer en lo que se hace, pero puso como ejemplo lo que hicieron la temporada pasada, donde fueron campeones de <strong>Liga<\/strong> y de la <strong>Copa MX<\/strong>.<\/p>\n<p>\u201cSiempre hay que creer en los mexicanos, hay que creer en ellos, porque adem\u00e1s es la opci\u00f3n que hemos decidido (apostar por los j\u00f3venes) y ya demostramos la temporada pasada de lo que somos capaces, fuimos campeones dos veces, y es pr\u00e1cticamente el mismo plantel que tenemos ahora\u201d.<\/p>\n<p style=\"text-align: center;\"><a href=\"https:\/\/www.futboltotal.com.mx\/futbol-mexicano\/liga-mx\/sevilla-quiere-a-matias-almeyda-como-su-nuevo-dt\/2017\/12\"><span style=\"color: #3366ff;\">VER M\u00c1S: Sevilla quiere a Mat\u00edas Almeyda como su nuevo DT<\/span><\/a><\/p>\n<p>Para la campa\u00f1a del <strong>Clausura 2018<\/strong>, Chivas contrat\u00f3 a dos elementos j\u00f3venes, que son el caso de <strong>Ronaldo Cisneros<\/strong> y <strong>Gael Sandoval<\/strong>, quienes fueron seguidos muy de cerca por el cuerpo t\u00e9cnico del Reba\u00f1o, comandado por <strong>Mat\u00edas Almeyda<\/strong>.<\/p>\n<p>Adem\u00e1s, Jorge Vergara indic\u00f3 que buscaron apuntalar su zona baja tratando de convencer a <strong>H\u00e9ctor Moreno<\/strong> de regresar al futbol mexicano, sin embargo no pudieron lograr el trato con el defensa que en estos momentos milita con la <strong>Roma<\/strong>.<\/p>\n<p><em>*Con informaci\u00f3n de Mediotiempo<\/em><\/p>\n","protected":false},"excerpt":{"rendered":"<p>El Reba\u00f1o quiere volver a destacar con su cantera.<\/p>\n","protected":false},"author":129,"featured_media":512708,"comment_status":"closed","ping_status":"closed","sticky":false,"template":"","format":"standard","meta":[],"categories":[5,2198,3845],"tags":[70,243,64,1420,8675],"_links":{"self":[{"href":"http:\/\/desarrollo.grupomedios.com\/futbol\/wp-json\/wp\/v2\/posts\/512945"}],"collection":[{"href":"http:\/\/desarrollo.grupomedios.com\/futbol\/wp-json\/wp\/v2\/posts"}],"about":[{"href":"http:\/\/desarrollo.grupomedios.com\/futbol\/wp-json\/wp\/v2\/types\/post"}],"author":[{"embeddable":true,"href":"http:\/\/desarrollo.grupomedios.com\/futbol\/wp-json\/wp\/v2\/users\/129"}],"replies":[{"embeddable":true,"href":"http:\/\/desarrollo.grupomedios.com\/futbol\/wp-json\/wp\/v2\/comments?post=512945"}],"version-history":[{"count":1,"href":"http:\/\/desarrollo.grupomedios.com\/futbol\/wp-json\/wp\/v2\/posts\/512945\/revisions"}],"predecessor-version":[{"id":512946,"href":"http:\/\/desarrollo.grupomedios.com\/futbol\/wp-json\/wp\/v2\/posts\/512945\/revisions\/512946"}],"wp:featuredmedia":[{"embeddable":true,"href":"http:\/\/desarrollo.grupomedios.com\/futbol\/wp-json\/wp\/v2\/media\/512708"}],"wp:attachment":[{"href":"http:\/\/desarrollo.grupomedios.com\/futbol\/wp-json\/wp\/v2\/media?parent=512945"}],"wp:term":[{"taxonomy":"category","embeddable":true,"href":"http:\/\/desarrollo.grupomedios.com\/futbol\/wp-json\/wp\/v2\/categories?post=512945"},{"taxonomy":"post_tag","embeddable":true,"href":"http:\/\/desarrollo.grupomedios.com\/futbol\/wp-json\/wp\/v2\/tags?post=512945"}],"curies":[{"name":"wp","href":"https:\/\/api.w.org\/{rel}","templated":true}]}}