{"id":512947,"date":"2017-12-25T16:50:44","date_gmt":"2017-12-25T22:50:44","guid":{"rendered":"https:\/\/www.futboltotal.com.mx\/?p=512947"},"modified":"2017-12-25T16:50:44","modified_gmt":"2017-12-25T22:50:44","slug":"real-madrid-buscaria-llevarse-a-sergio-aguero","status":"publish","type":"post","link":"http:\/\/desarrollo.grupomedios.com\/futbol\/futbol-internacional\/real-madrid-buscaria-llevarse-a-sergio-aguero\/2017\/12","title":{"rendered":"Real Madrid buscar\u00eda llevarse a Sergio Ag\u00fcero"},"content":{"rendered":"<p><strong>Sergio Ag\u00fcero<\/strong> mantiene una relaci\u00f3n distante con <strong>Pep Guardiola<\/strong> en <strong>Manchester City<\/strong> y su continuidad en el club no est\u00e1 asegurada de cara a la pr\u00f3xima temporada, seg\u00fan afirma el diario ingl\u00e9s <em>Mirror<\/em>. As\u00ed lo dej\u00f3 a entrever el propio entrenador en conferencia de prensa, cuando manifest\u00f3 que &#8220;\u00e9l decidir\u00e1 absolutamente todo sobre su vida y su futuro&#8221;.<\/p>\n<p>El Kun convirti\u00f3 dos tantos en el triunfo por 4-0 de Manchester City ante <strong>Borunemouth<\/strong> y lleg\u00f3 al centenar de goles en el <strong>Etihad Stadium<\/strong>, casa de los <em>Citizens<\/em>, por lo que se llev\u00f3 la ovaci\u00f3n del p\u00fablico. Sin embargo, el delantero argentino disputa el puesto con <strong>Gabriel Jes\u00fas<\/strong> y no tiene la titularidad asegurada.<\/p>\n<p style=\"text-align: center;\"><span style=\"color: #3366ff;\"><a href=\"https:\/\/www.futboltotal.com.mx\/futbol-internacional\/chucky-lozano-la-joven-estrella-del-2017-fifa\/2017\/12\">VER M\u00c1S: Chucky Lozano, la joven estrella del 2017<\/a><\/span><\/p>\n<p>Ante esta situaci\u00f3n, aparece entre los interesados por el delantero uno de los gigantes de Europa: Real Madrid. \u00c1vido de un centrodelantero goleador tras una regular temporada de <strong>Karim Benzema<\/strong>, el <strong>Merengue<\/strong> sigue de cerca los pasos del Kun y podr\u00eda invertir el dinero en su pase.<\/p>\n<p>Sin embargo, Guardiola tambi\u00e9n puso pa\u00f1os fr\u00edos y prolong\u00f3 su an\u00e1lisis sobre la situaci\u00f3n de Ag\u00fcero: &#8220;Estoy encantado de tenerlo aqu\u00ed con Gabriel y todo el equipo&#8221;.<\/p>\n","protected":false},"excerpt":{"rendered":"<p>El argentino podr\u00eda recalar con los Merengues ante una posible salida de Benzema.<\/p>\n","protected":false},"author":129,"featured_media":507646,"comment_status":"closed","ping_status":"closed","sticky":false,"template":"","format":"standard","meta":[],"categories":[3839,3846],"tags":[6114,5993,334,5988,5992],"_links":{"self":[{"href":"http:\/\/desarrollo.grupomedios.com\/futbol\/wp-json\/wp\/v2\/posts\/512947"}],"collection":[{"href":"http:\/\/desarrollo.grupomedios.com\/futbol\/wp-json\/wp\/v2\/posts"}],"about":[{"href":"http:\/\/desarrollo.grupomedios.com\/futbol\/wp-json\/wp\/v2\/types\/post"}],"author":[{"embeddable":true,"href":"http:\/\/desarrollo.grupomedios.com\/futbol\/wp-json\/wp\/v2\/users\/129"}],"replies":[{"embeddable":true,"href":"http:\/\/desarrollo.grupomedios.com\/futbol\/wp-json\/wp\/v2\/comments?post=512947"}],"version-history":[{"count":1,"href":"http:\/\/desarrollo.grupomedios.com\/futbol\/wp-json\/wp\/v2\/posts\/512947\/revisions"}],"predecessor-version":[{"id":512948,"href":"http:\/\/desarrollo.grupomedios.com\/futbol\/wp-json\/wp\/v2\/posts\/512947\/revisions\/512948"}],"wp:featuredmedia":[{"embeddable":true,"href":"http:\/\/desarrollo.grupomedios.com\/futbol\/wp-json\/wp\/v2\/media\/507646"}],"wp:attachment":[{"href":"http:\/\/desarrollo.grupomedios.com\/futbol\/wp-json\/wp\/v2\/media?parent=512947"}],"wp:term":[{"taxonomy":"category","embeddable":true,"href":"http:\/\/desarrollo.grupomedios.com\/futbol\/wp-json\/wp\/v2\/categories?post=512947"},{"taxonomy":"post_tag","embeddable":true,"href":"http:\/\/desarrollo.grupomedios.com\/futbol\/wp-json\/wp\/v2\/tags?post=512947"}],"curies":[{"name":"wp","href":"https:\/\/api.w.org\/{rel}","templated":true}]}}