{"id":512951,"date":"2017-12-26T11:00:42","date_gmt":"2017-12-26T17:00:42","guid":{"rendered":"https:\/\/www.futboltotal.com.mx\/?p=512951"},"modified":"2017-12-26T11:00:42","modified_gmt":"2017-12-26T17:00:42","slug":"walter-gonzalez-nuevo-refuerzo-pachuca","status":"publish","type":"post","link":"http:\/\/desarrollo.grupomedios.com\/futbol\/futbol-mexicano\/walter-gonzalez-nuevo-refuerzo-pachuca\/2017\/12","title":{"rendered":"Walter Gonz\u00e1lez, nuevo refuerzo de Pachuca"},"content":{"rendered":"<p><strong>POR: STAFF FT<\/strong><\/p>\n<p>El delantero paraguayo, <strong>Walter Gonz\u00e1lez<\/strong> ser\u00e1 nuevo refuerzo de los<strong> Tuzos de Pachuca<\/strong> de cara al<strong> Clausura 2018<\/strong>, pues la directiva ha llegado a un acuerdo con el <strong>Olimpia<\/strong> y luego de tener el inter\u00e9s de varios equipos en M\u00e9xico, se ha decantado por el cuadro hidalguense, as\u00ed lo ha dicho el propio futbolista.<\/p>\n<p style=\"text-align: center;\"><a href=\"https:\/\/www.futboltotal.com.mx\/futbol-mexicano\/liga-mx\/rayados-buscaria-jugador-del-atletico-madrid\/2017\/12\" target=\"_blank\" rel=\"noopener\">VER M\u00c1S: Rayados busca a delantero del Atl\u00e9tico de Madrid<\/a><\/p>\n<p>De acuerdo al portal ABC Color de Paraguay , el delantero de 22 a\u00f1os llega a l ataque de Pachuca, luego que el propio atacante pusiera una publicaci\u00f3n en la que as\u00ed lo asegura: <strong>\u201cEs un honor que Tuzos se fij\u00e9 en m\u00ed, me pone muy feliz, prometo dejar todo por ustedes!!\u201d<\/strong>, escribi\u00f3.<\/p>\n<blockquote class=\"twitter-tweet\" data-lang=\"es\">\n<p dir=\"ltr\" lang=\"es\">Es un honor que <a href=\"https:\/\/twitter.com\/Tuzos?ref_src=twsrc%5Etfw\">@Tuzos<\/a> se fij\u00e9 en m\u00ed,me pone muy fel\u00edz, prometo dejar todo por ustedes!! &#x1f64f;\u26bd\ufe0f\u26bd\ufe0f<\/p>\n<p>\u2014 Walter Gonzalez (@WGonzalez_11) <a href=\"https:\/\/twitter.com\/WGonzalez_11\/status\/945510158590812160?ref_src=twsrc%5Etfw\">26 de diciembre de 2017<\/a><\/p><\/blockquote>\n<p><script async src=\"https:\/\/platform.twitter.com\/widgets.js\" charset=\"utf-8\"><\/script><\/p>\n<p><strong>Pumas de la UNAM y Tigres UANL<\/strong> son otros dos clubes que hab\u00edan mostrado inter\u00e9s en tener al delantero paraguayo, de igual forma ten\u00eda ofertas del futbol argentino, pero finalmente decidi\u00f3 jugar para el cuadro de Pachuca, luego que representara a<strong> Concacaf<\/strong> en el <strong>Mundial de Clubes<\/strong>.<\/p>\n<p>La transacci\u00f3n por<strong> Walter Gonz\u00e1lez<\/strong> ser\u00eda en calidad de <strong>pr\u00e9stamo<\/strong> por un a\u00f1o con una opci\u00f3n a compra del <strong>80%<\/strong> de su pase.<\/p>\n<p style=\"text-align: center;\"><a href=\"https:\/\/www.futboltotal.com.mx\/futbol-mexicano\/liga-mx\/lobos-buap-tendra-refuerzo-ecuatoriano\/2017\/12\" target=\"_blank\" rel=\"noopener\">VER M\u00c1S: Lobos BUAP tiene refuerzo ecuatoriano<\/a><\/p>\n<p>&nbsp;<\/p>\n","protected":false},"excerpt":{"rendered":"<p>El cuadro hidalguense ya tendr\u00eda al delantero de 22 a\u00f1os<\/p>\n","protected":false},"author":159,"featured_media":512952,"comment_status":"closed","ping_status":"closed","sticky":false,"template":"","format":"standard","meta":[],"categories":[2198,3845],"tags":[9028,64,5968,73,11196],"_links":{"self":[{"href":"http:\/\/desarrollo.grupomedios.com\/futbol\/wp-json\/wp\/v2\/posts\/512951"}],"collection":[{"href":"http:\/\/desarrollo.grupomedios.com\/futbol\/wp-json\/wp\/v2\/posts"}],"about":[{"href":"http:\/\/desarrollo.grupomedios.com\/futbol\/wp-json\/wp\/v2\/types\/post"}],"author":[{"embeddable":true,"href":"http:\/\/desarrollo.grupomedios.com\/futbol\/wp-json\/wp\/v2\/users\/159"}],"replies":[{"embeddable":true,"href":"http:\/\/desarrollo.grupomedios.com\/futbol\/wp-json\/wp\/v2\/comments?post=512951"}],"version-history":[{"count":1,"href":"http:\/\/desarrollo.grupomedios.com\/futbol\/wp-json\/wp\/v2\/posts\/512951\/revisions"}],"predecessor-version":[{"id":512953,"href":"http:\/\/desarrollo.grupomedios.com\/futbol\/wp-json\/wp\/v2\/posts\/512951\/revisions\/512953"}],"wp:featuredmedia":[{"embeddable":true,"href":"http:\/\/desarrollo.grupomedios.com\/futbol\/wp-json\/wp\/v2\/media\/512952"}],"wp:attachment":[{"href":"http:\/\/desarrollo.grupomedios.com\/futbol\/wp-json\/wp\/v2\/media?parent=512951"}],"wp:term":[{"taxonomy":"category","embeddable":true,"href":"http:\/\/desarrollo.grupomedios.com\/futbol\/wp-json\/wp\/v2\/categories?post=512951"},{"taxonomy":"post_tag","embeddable":true,"href":"http:\/\/desarrollo.grupomedios.com\/futbol\/wp-json\/wp\/v2\/tags?post=512951"}],"curies":[{"name":"wp","href":"https:\/\/api.w.org\/{rel}","templated":true}]}}