{"id":512970,"date":"2017-12-26T12:48:37","date_gmt":"2017-12-26T18:48:37","guid":{"rendered":"https:\/\/www.futboltotal.com.mx\/?p=512970"},"modified":"2017-12-26T12:48:37","modified_gmt":"2017-12-26T18:48:37","slug":"angelo-henriquez-ex-manchester-united-llega-al-atlas","status":"publish","type":"post","link":"http:\/\/desarrollo.grupomedios.com\/futbol\/futbol-mexicano\/angelo-henriquez-ex-manchester-united-llega-al-atlas\/2017\/12","title":{"rendered":"\u00c1ngelo Henr\u00edquez, ex Manchester United, llegar\u00e1 al Atlas"},"content":{"rendered":"<p>Los <strong>Rojinegros<\/strong> del <strong>Atlas<\/strong> ya tienen su regalo de navidad y es un delantero procedente del futbol europeo, pues el chileno <strong>\u00c1ngelo Henr\u00edquez<\/strong> ser\u00e1 nuevo refuerzo de los tapat\u00edos para el torneo de <strong>Clausura 2018<\/strong> de la <strong>Liga MX<\/strong>.<\/p>\n<p>El atacante ex del <strong>Manchester United<\/strong> lleg\u00f3 a Guadalajara para cerrar su contrataci\u00f3n con los <strong>Zorros<\/strong> y ser el tercer refuerzo de los dirigidos por Jos\u00e9 Guadalupe Cruz.<\/p>\n<p>La directiva del Atlas sufri\u00f3 para poder contratar a Henr\u00edquez, pues el <strong>Dinamo de Zagreb<\/strong>, club al que pertenec\u00eda el chileno, no estaba de acuerdo con la salida del jugador al futbol mexicano, donde se espera firme este martes.<\/p>\n<p style=\"text-align: center;\"><span style=\"color: #3366ff;\"><a href=\"https:\/\/www.futboltotal.com.mx\/futbol-mexicano\/liga-mx\/america-desea-al-delantero-lucas-pratto\/2017\/12\">VER M\u00c1S: Am\u00e9rica desea al delantero Lucas Pratto<\/a><\/span><\/p>\n<p>\u00c1ngelo lleg\u00f3 procedente de <strong>Chile<\/strong> sin emitir declaraciones, justo despu\u00e9s de pasar las <strong>fiestas de Navidad<\/strong> en <strong>Santiago de Chile<\/strong> junto a su familia. Los Rojinegros, adem\u00e1s de Henr\u00edquez, se reforzaron con su compatriota <strong>Cristopher Toselli<\/strong> y el peruano <strong>Alexi G\u00f3mez<\/strong>, para quedar completos de cara al <strong>Clausura 2018<\/strong>.<\/p>\n<p>Henr\u00edquez tiene 23 a\u00f1os y llegar\u00e1 con experiencia europea. Debut\u00f3 en la <strong>Universidad de Chile<\/strong> en el 2011 y fue comprado en el 2012 por el Manchester United. Pas\u00f3 por el <strong>Wigan Athletic<\/strong>, tambi\u00e9n de la <strong>Premier League<\/strong>, y posteriormente emigr\u00f3 a <strong>Espa\u00f1a<\/strong> para jugar con el<strong> Zaragoza<\/strong>.<\/p>\n<p>Para el 2014 fue adquirido por el Zagreb, equipo del que lleg\u00f3 al Atlas.<\/p>\n<p><iframe loading=\"lazy\" src=\"https:\/\/www.youtube.com\/embed\/bzXIGRG92fw?feature=oembed\" frameborder=\"0\" gesture=\"media\" allow=\"encrypted-media\" allowfullscreen><\/iframe><\/p>\n","protected":false},"excerpt":{"rendered":"<p>Los Rojinegros estar\u00e1n sumando sus tercer refuerzo.<\/p>\n","protected":false},"author":129,"featured_media":512971,"comment_status":"closed","ping_status":"closed","sticky":false,"template":"","format":"standard","meta":[],"categories":[2198,3845],"tags":[11341,5961,7843,3883,64,43,3747],"_links":{"self":[{"href":"http:\/\/desarrollo.grupomedios.com\/futbol\/wp-json\/wp\/v2\/posts\/512970"}],"collection":[{"href":"http:\/\/desarrollo.grupomedios.com\/futbol\/wp-json\/wp\/v2\/posts"}],"about":[{"href":"http:\/\/desarrollo.grupomedios.com\/futbol\/wp-json\/wp\/v2\/types\/post"}],"author":[{"embeddable":true,"href":"http:\/\/desarrollo.grupomedios.com\/futbol\/wp-json\/wp\/v2\/users\/129"}],"replies":[{"embeddable":true,"href":"http:\/\/desarrollo.grupomedios.com\/futbol\/wp-json\/wp\/v2\/comments?post=512970"}],"version-history":[{"count":1,"href":"http:\/\/desarrollo.grupomedios.com\/futbol\/wp-json\/wp\/v2\/posts\/512970\/revisions"}],"predecessor-version":[{"id":512972,"href":"http:\/\/desarrollo.grupomedios.com\/futbol\/wp-json\/wp\/v2\/posts\/512970\/revisions\/512972"}],"wp:featuredmedia":[{"embeddable":true,"href":"http:\/\/desarrollo.grupomedios.com\/futbol\/wp-json\/wp\/v2\/media\/512971"}],"wp:attachment":[{"href":"http:\/\/desarrollo.grupomedios.com\/futbol\/wp-json\/wp\/v2\/media?parent=512970"}],"wp:term":[{"taxonomy":"category","embeddable":true,"href":"http:\/\/desarrollo.grupomedios.com\/futbol\/wp-json\/wp\/v2\/categories?post=512970"},{"taxonomy":"post_tag","embeddable":true,"href":"http:\/\/desarrollo.grupomedios.com\/futbol\/wp-json\/wp\/v2\/tags?post=512970"}],"curies":[{"name":"wp","href":"https:\/\/api.w.org\/{rel}","templated":true}]}}