{"id":512973,"date":"2017-12-26T14:03:33","date_gmt":"2017-12-26T20:03:33","guid":{"rendered":"https:\/\/www.futboltotal.com.mx\/?p=512973"},"modified":"2017-12-26T14:03:33","modified_gmt":"2017-12-26T20:03:33","slug":"atletico-madrid-quiere-a-aleix-vidal-del-barcelona","status":"publish","type":"post","link":"http:\/\/desarrollo.grupomedios.com\/futbol\/futbol-internacional\/atletico-madrid-quiere-a-aleix-vidal-del-barcelona\/2017\/12","title":{"rendered":"Atl\u00e9tico de Madrid quiere a Aleix Vidal del Barcelona"},"content":{"rendered":"<p><strong>Aleix Vidal<\/strong> est\u00e1 aprovechando los minutos que est\u00e1 teniendo por parte de <strong>Ernesto Valverde<\/strong> y al jugador del <strong>Barcelona<\/strong> le han estado saliendo m\u00e1s pretendientes para este pr\u00f3ximo mercado invernal en Europa.<\/p>\n<p>El pasado fin de semana el barcelonista cerr\u00f3 el triunfo de los <strong>Blaugranas<\/strong> en la cancha del <strong>Santiago Bernab\u00e9u<\/strong> ante el <strong>Real Madrid<\/strong> luego de una asistencia de <strong>Lionel Messi\u00a0<\/strong> y est\u00e1 dispuesto a luchar por m\u00e1s minutos aunque tenga que salir del club catal\u00e1n.<\/p>\n<p>Uno de los equipos interesados en Vidal es el Sevilla, club de donde lleg\u00f3 proveniente al Barcelona y que ahora tendr\u00eda que pagar cerca de unos 10 millones de euros.<\/p>\n<p style=\"text-align: center;\"><span style=\"color: #3366ff;\"><a href=\"https:\/\/www.futboltotal.com.mx\/futbol-internacional\/liga-de-inglaterra\/chicharito-participa-en-empate-del-west-ham-ante-bournemouth\/2017\/12\">VER M\u00c1S: Chicharito participa en empate del West Ham ante el Bournemouth<\/a><\/span><\/p>\n<p>El jugador ver\u00eda con buenos ojos este traspaso y habr\u00eda dado \u00f3rdenes a sus agentes de negociar con el club andaluz. Pero precisamente desde la capital hispalense, y en concreto en <em>ABC Sevilla<\/em>, aseguran que en las \u00faltimas horas se ha \u2018entrometido\u2019 el <strong>Atl\u00e9tico de Madrid<\/strong>, que habr\u00eda mostrado su voluntad de entrar en la puja por el lateral.<\/p>\n<p>Pese a que hubo un descontento de los <strong>Colchoneros<\/strong> con el Barcelona por haber hablado con cercanos a Antoine Griezmann, esto no ser\u00eda impedimento para que buscaran contratar los servicios de Aleix Vidal para este mercado de transferencias.<\/p>\n","protected":false},"excerpt":{"rendered":"<p>El lateral derecho es pretendido por varios equipos.<\/p>\n","protected":false},"author":129,"featured_media":512974,"comment_status":"closed","ping_status":"closed","sticky":false,"template":"","format":"standard","meta":[],"categories":[3839,3844],"tags":[5484,6007,1913,11433],"_links":{"self":[{"href":"http:\/\/desarrollo.grupomedios.com\/futbol\/wp-json\/wp\/v2\/posts\/512973"}],"collection":[{"href":"http:\/\/desarrollo.grupomedios.com\/futbol\/wp-json\/wp\/v2\/posts"}],"about":[{"href":"http:\/\/desarrollo.grupomedios.com\/futbol\/wp-json\/wp\/v2\/types\/post"}],"author":[{"embeddable":true,"href":"http:\/\/desarrollo.grupomedios.com\/futbol\/wp-json\/wp\/v2\/users\/129"}],"replies":[{"embeddable":true,"href":"http:\/\/desarrollo.grupomedios.com\/futbol\/wp-json\/wp\/v2\/comments?post=512973"}],"version-history":[{"count":1,"href":"http:\/\/desarrollo.grupomedios.com\/futbol\/wp-json\/wp\/v2\/posts\/512973\/revisions"}],"predecessor-version":[{"id":512975,"href":"http:\/\/desarrollo.grupomedios.com\/futbol\/wp-json\/wp\/v2\/posts\/512973\/revisions\/512975"}],"wp:featuredmedia":[{"embeddable":true,"href":"http:\/\/desarrollo.grupomedios.com\/futbol\/wp-json\/wp\/v2\/media\/512974"}],"wp:attachment":[{"href":"http:\/\/desarrollo.grupomedios.com\/futbol\/wp-json\/wp\/v2\/media?parent=512973"}],"wp:term":[{"taxonomy":"category","embeddable":true,"href":"http:\/\/desarrollo.grupomedios.com\/futbol\/wp-json\/wp\/v2\/categories?post=512973"},{"taxonomy":"post_tag","embeddable":true,"href":"http:\/\/desarrollo.grupomedios.com\/futbol\/wp-json\/wp\/v2\/tags?post=512973"}],"curies":[{"name":"wp","href":"https:\/\/api.w.org\/{rel}","templated":true}]}}