{"id":512980,"date":"2017-12-26T16:48:42","date_gmt":"2017-12-26T22:48:42","guid":{"rendered":"https:\/\/www.futboltotal.com.mx\/?p=512980"},"modified":"2017-12-26T16:52:13","modified_gmt":"2017-12-26T22:52:13","slug":"psg-controlados-gps","status":"publish","type":"post","link":"http:\/\/desarrollo.grupomedios.com\/futbol\/futbol-internacional\/psg-controlados-gps\/2017\/12","title":{"rendered":"PSG, controlados por GPS"},"content":{"rendered":"<p>Los jugadores del <strong>Paris Saint Germain,<\/strong> al igual que muchos de sus colegas futbolistas, saldr\u00e1n de vacaciones. Pero eso no significa que se alejar\u00e1n del estricto control del cuerpo t\u00e9cnico, as\u00ed que los muchachos tendr\u00e1n que tener mucho cuidado con hacer travesuras durante sus d\u00edas libres.<\/p>\n<p>Al m\u00e1s puro estilo <em>&#8220;espionaje&#8221;,<\/em> los jugadores tendr\u00e1n un control a trav\u00e9s de un <strong>GPS.<\/strong> Cada deportista llevar\u00e1 uno consigo, y tendr\u00e1n que colocarse el dispositivo en varias situaciones.\u00a0<strong>Unai Emery,<\/strong> el detallista y obsesivo entrenador del equipo franc\u00e9s, no quiere dejar nada librado al azar <strong>y decidi\u00f3 que sus jugadores lleven este aparato<\/strong> para as\u00ed medir desde cu\u00e1ntas calor\u00edas consumen, y hasta controlar los ejercicios f\u00edsicos del plan de entrenamiento que deber\u00e1 realizar cada uno durante el receso. NADA de trampas.<\/p>\n<p style=\"text-align: center;\"><a href=\"https:\/\/www.futboltotal.com.mx\/futbol-internacional\/liga-de-francia-futbol-internacional\/neymar-presiono-a-mbappe-firmar-psg\/2017\/12\">VER M\u00c1S: Neymar \u2018presion\u00f3\u2019 a Mbapp\u00e9 para firmar por el PSG<\/a><\/p>\n<p>La idea es que en estas vacaciones los jugadores descansen, pero que no dejen de alimentarse bien y sigan realizando su rutina de ejercicios. El <strong>GPS<\/strong> es un dispositivo de monitoreo satelital, que en el caso del <strong>PSG,<\/strong> est\u00e1 configurado para obtener datos sobre los kil\u00f3metros trotados, las mediciones card\u00edacas y el consumo de calor\u00edas.<\/p>\n<p>Todo el plantel volver\u00e1 a entrenar en club el <strong>2 de enero,<\/strong> para as\u00ed prepararse para el enfrentamiento ante el <strong>Rennes,<\/strong> el pr\u00f3ximo 7 del mismo mes.<\/p>\n<p><strong>Neymar, Cavani, Mbapp\u00e9, Di Maria, Dani Alves&#8230;<\/strong> ya lo saben:<em> \u00a1Sin excesos en estas fiestas!<\/em><\/p>\n<p><img decoding=\"async\" loading=\"lazy\" class=\"size-medium wp-image-512987 aligncenter\" src=\"https:\/\/www.futboltotal.com.mx\/wp-content\/uploads\/2017\/12\/PSG2-300x169.jpg\" alt=\"PSG, controlados por GPS 0\" srcset=\"http:\/\/desarrollo.grupomedios.com\/futbol\/wp-content\/uploads\/2017\/12\/PSG2-300x169.jpg 300w, http:\/\/desarrollo.grupomedios.com\/futbol\/wp-content\/uploads\/2017\/12\/PSG2-768x432.jpg 768w, http:\/\/desarrollo.grupomedios.com\/futbol\/wp-content\/uploads\/2017\/12\/PSG2-1024x576.jpg 1024w, http:\/\/desarrollo.grupomedios.com\/futbol\/wp-content\/uploads\/2017\/12\/PSG2-393x221.jpg 393w, http:\/\/desarrollo.grupomedios.com\/futbol\/wp-content\/uploads\/2017\/12\/PSG2.jpg 1136w\" sizes=\"(max-width: 300px) 100vw, 300px\" \/><\/p>\n","protected":false},"excerpt":{"rendered":"<p>El plantel sali\u00f3 de vacaciones por diez d\u00edas, pero los tendr\u00e1n bien checaditos.<\/p>\n","protected":false},"author":165,"featured_media":512986,"comment_status":"closed","ping_status":"closed","sticky":false,"template":"","format":"standard","meta":[],"categories":[3839,7521],"tags":[2449,5983,2538,413,11436,6214,11435,3633,8554,6001,1376,114,4376,5725],"_links":{"self":[{"href":"http:\/\/desarrollo.grupomedios.com\/futbol\/wp-json\/wp\/v2\/posts\/512980"}],"collection":[{"href":"http:\/\/desarrollo.grupomedios.com\/futbol\/wp-json\/wp\/v2\/posts"}],"about":[{"href":"http:\/\/desarrollo.grupomedios.com\/futbol\/wp-json\/wp\/v2\/types\/post"}],"author":[{"embeddable":true,"href":"http:\/\/desarrollo.grupomedios.com\/futbol\/wp-json\/wp\/v2\/users\/165"}],"replies":[{"embeddable":true,"href":"http:\/\/desarrollo.grupomedios.com\/futbol\/wp-json\/wp\/v2\/comments?post=512980"}],"version-history":[{"count":5,"href":"http:\/\/desarrollo.grupomedios.com\/futbol\/wp-json\/wp\/v2\/posts\/512980\/revisions"}],"predecessor-version":[{"id":512990,"href":"http:\/\/desarrollo.grupomedios.com\/futbol\/wp-json\/wp\/v2\/posts\/512980\/revisions\/512990"}],"wp:featuredmedia":[{"embeddable":true,"href":"http:\/\/desarrollo.grupomedios.com\/futbol\/wp-json\/wp\/v2\/media\/512986"}],"wp:attachment":[{"href":"http:\/\/desarrollo.grupomedios.com\/futbol\/wp-json\/wp\/v2\/media?parent=512980"}],"wp:term":[{"taxonomy":"category","embeddable":true,"href":"http:\/\/desarrollo.grupomedios.com\/futbol\/wp-json\/wp\/v2\/categories?post=512980"},{"taxonomy":"post_tag","embeddable":true,"href":"http:\/\/desarrollo.grupomedios.com\/futbol\/wp-json\/wp\/v2\/tags?post=512980"}],"curies":[{"name":"wp","href":"https:\/\/api.w.org\/{rel}","templated":true}]}}