{"id":512981,"date":"2017-12-26T16:25:07","date_gmt":"2017-12-26T22:25:07","guid":{"rendered":"https:\/\/www.futboltotal.com.mx\/?p=512981"},"modified":"2017-12-26T16:25:07","modified_gmt":"2017-12-26T22:25:07","slug":"incidente-jorge-sampaoli-la-policia-en-argentina","status":"publish","type":"post","link":"http:\/\/desarrollo.grupomedios.com\/futbol\/futbol-internacional\/incidente-jorge-sampaoli-la-policia-en-argentina\/2017\/12","title":{"rendered":"El incidente de Jorge Sampaoli con la polic\u00eda en Argentina"},"content":{"rendered":"<p>El director t\u00e9cnico de la <strong>Selecci\u00f3n Argentina<\/strong>, <strong>Jorge Sampaoli<\/strong>, inici\u00f3 las fiestas decembrinas de una forma muy mala para todos los aficionados a la <strong>Albiceleste<\/strong>, pues tuvoun enfrentamiento verbal con polic\u00edas de su natal <strong>Casilda<\/strong> la madrugada del domingo 24 de diciembre.<\/p>\n<p>Sampaoli viajaba en un autom\u00f3vil junto a otras siete personas y, cuando el veh\u00edculo fue detenido por un control de alcoholemia, los uniformados solicitaron que algunos de los pasajeros bajaran, entre ellos el estratega de la <strong>Albiceleste<\/strong>.<\/p>\n<p style=\"text-align: center;\"><span style=\"color: #3366ff;\"><a href=\"https:\/\/www.futboltotal.com.mx\/futbol-internacional\/los-jugadores-seran-libres-a-partir-enero-2018\/2017\/12\">VER M\u00c1S: Los jugadores que ser\u00e1n libres a partir de enero de 2018<\/a><\/span><\/p>\n<p>&#8220;\u00a1Boludo, gan\u00e1s 100 pesos por mes!&#8221;, grit\u00f3 el entrenador a uno de los polic\u00edas.<\/p>\n<p>El incidente se produjo despu\u00e9s de la boda de la hija de Sampaoli a pocas cuadras del <strong>hotel Cuatro Plazas<\/strong>, donde el director t\u00e9cnico se encontraba hospedado.<\/p>\n<p>Sampaoli no iba al volante del coche, pero su reacci\u00f3n caus\u00f3 revuelo al ser compartida en redes sociales.<\/p>\n<p><iframe loading=\"lazy\" src=\"https:\/\/www.youtube.com\/embed\/mQ1yaoinQbY?feature=oembed\" frameborder=\"0\" gesture=\"media\" allow=\"encrypted-media\" allowfullscreen><\/iframe><\/p>\n","protected":false},"excerpt":{"rendered":"<p>El t\u00e9cnico tuvo un incidente la madrugada del 24 de diciembre.<\/p>\n","protected":false},"author":129,"featured_media":510652,"comment_status":"closed","ping_status":"closed","sticky":false,"template":"","format":"standard","meta":[],"categories":[3839],"tags":[5996,6214,4520,11434],"_links":{"self":[{"href":"http:\/\/desarrollo.grupomedios.com\/futbol\/wp-json\/wp\/v2\/posts\/512981"}],"collection":[{"href":"http:\/\/desarrollo.grupomedios.com\/futbol\/wp-json\/wp\/v2\/posts"}],"about":[{"href":"http:\/\/desarrollo.grupomedios.com\/futbol\/wp-json\/wp\/v2\/types\/post"}],"author":[{"embeddable":true,"href":"http:\/\/desarrollo.grupomedios.com\/futbol\/wp-json\/wp\/v2\/users\/129"}],"replies":[{"embeddable":true,"href":"http:\/\/desarrollo.grupomedios.com\/futbol\/wp-json\/wp\/v2\/comments?post=512981"}],"version-history":[{"count":1,"href":"http:\/\/desarrollo.grupomedios.com\/futbol\/wp-json\/wp\/v2\/posts\/512981\/revisions"}],"predecessor-version":[{"id":512983,"href":"http:\/\/desarrollo.grupomedios.com\/futbol\/wp-json\/wp\/v2\/posts\/512981\/revisions\/512983"}],"wp:featuredmedia":[{"embeddable":true,"href":"http:\/\/desarrollo.grupomedios.com\/futbol\/wp-json\/wp\/v2\/media\/510652"}],"wp:attachment":[{"href":"http:\/\/desarrollo.grupomedios.com\/futbol\/wp-json\/wp\/v2\/media?parent=512981"}],"wp:term":[{"taxonomy":"category","embeddable":true,"href":"http:\/\/desarrollo.grupomedios.com\/futbol\/wp-json\/wp\/v2\/categories?post=512981"},{"taxonomy":"post_tag","embeddable":true,"href":"http:\/\/desarrollo.grupomedios.com\/futbol\/wp-json\/wp\/v2\/tags?post=512981"}],"curies":[{"name":"wp","href":"https:\/\/api.w.org\/{rel}","templated":true}]}}