{"id":512985,"date":"2017-12-26T17:04:42","date_gmt":"2017-12-26T23:04:42","guid":{"rendered":"https:\/\/www.futboltotal.com.mx\/?p=512985"},"modified":"2017-12-26T17:04:42","modified_gmt":"2017-12-26T23:04:42","slug":"tigres-anuncia-la-llegada-del-colombiano-arley-rodriguez","status":"publish","type":"post","link":"http:\/\/desarrollo.grupomedios.com\/futbol\/futbol-mexicano\/tigres-anuncia-la-llegada-del-colombiano-arley-rodriguez\/2017\/12","title":{"rendered":"Tigres anuncia la llegada del colombiano Arley Rodr\u00edguez"},"content":{"rendered":"<p>Tras el t\u00edtulo obtenido en el <strong>Apertura 2017<\/strong>, los <strong>Tigres<\/strong> ya comienzan a planear el <strong>Clausura 2018<\/strong> donde buscar\u00e1n el Bicampeonato y han anunciado a su primer refuerzo, pues el colombiano <strong>Arley Rodr\u00edguez Henry<\/strong> se unir\u00e1 a los felinos.<\/p>\n<p>El futbolista de 24 a\u00f1os llega proveniente del <strong>Atl\u00e9tico Nacional<\/strong> de y llega como transferencia libre luego de terminar contrato con su club en diciembre, aunque el valor que le da el sitio especializado, <em>Transfermarket<\/em>, es inferior a un mill\u00f3n de euros.<\/p>\n<p style=\"text-align: center;\"><span style=\"color: #3366ff;\"><a href=\"https:\/\/www.futboltotal.com.mx\/futbol-mexicano\/liga-mx\/angelo-henriquez-ex-manchester-united-llega-al-atlas\/2017\/12\">VER M\u00c1S: \u00c1ngelo Henr\u00edquez, ex Manchester United, llegar\u00e1 al Atlas<\/a><\/span><\/p>\n<p>Arley debut\u00f3 hace poco m\u00e1s de seis a\u00f1os con el <strong>equipo verdolaga<\/strong> y adem\u00e1s cuenta con un breve paso por el <strong>Alianza Petrolera<\/strong> de su pa\u00eds, aunque apenas ha jugado siete partidos en los \u00faltimos tres meses debido a un accidente dom\u00e9stico que lo llev\u00f3 a ser operado y lo dej\u00f3 fuera de las canchas.<\/p>\n<p>Arley llega procedente del Atl\u00e9tico Nacional, en donde culmin\u00f3 su contrato en el mes de diciembre, por lo que llega a la <strong>Liga MX<\/strong> como jugador libre.<\/p>\n<p>El jugador sudamericano se convierte en el extranjero n\u00famero 12 de Tigres para el Clausura 2018 y el primer refuerzo para el semestre. El equipo felino disputar\u00e1 tambi\u00e9n la segunda ronda de la <strong>Liga de Campeones de Concacaf<\/strong>, en donde han sido finalista en las \u00faltimas dos ediciones.<\/p>\n<p style=\"text-align: center;\"><span style=\"color: #3366ff;\"><a href=\"https:\/\/www.futboltotal.com.mx\/futbol-mexicano\/liga-mx\/futbol-estufa-clausura-2018-liga-mx\/2017\/12\">VER M\u00c1S: FUTBOL DE ESTUFA |\u00a0Clausura 2018 Liga MX<\/a><\/span><\/p>\n<blockquote class=\"twitter-tweet\" data-width=\"500\">\n<p lang=\"es\" dir=\"ltr\">El Club <a href=\"https:\/\/twitter.com\/TigresOficial?ref_src=twsrc%5Etfw\">@TigresOficial<\/a> informa que se adquieren los derechos del jugador Arley Rodr\u00edguez <a href=\"https:\/\/twitter.com\/hashtag\/SomosTigres?src=hash&amp;ref_src=twsrc%5Etfw\">#SomosTigres<\/a> <a href=\"https:\/\/t.co\/6uSg4DmNBr\">pic.twitter.com\/6uSg4DmNBr<\/a><\/p>\n<p>&mdash; CLUB TIGRES OFICIAL (@TigresOficial) <a href=\"https:\/\/twitter.com\/TigresOficial\/status\/945759010665398272?ref_src=twsrc%5Etfw\">December 26, 2017<\/a><\/p><\/blockquote>\n<p><script async src=\"https:\/\/platform.twitter.com\/widgets.js\" charset=\"utf-8\"><\/script><\/p>\n","protected":false},"excerpt":{"rendered":"<p>Los felinos ya tienen su primer refuerzo del 2018.<\/p>\n","protected":false},"author":129,"featured_media":512992,"comment_status":"closed","ping_status":"closed","sticky":false,"template":"","format":"standard","meta":[],"categories":[2198,3845],"tags":[11278,9028,4847,3883,64,5973],"_links":{"self":[{"href":"http:\/\/desarrollo.grupomedios.com\/futbol\/wp-json\/wp\/v2\/posts\/512985"}],"collection":[{"href":"http:\/\/desarrollo.grupomedios.com\/futbol\/wp-json\/wp\/v2\/posts"}],"about":[{"href":"http:\/\/desarrollo.grupomedios.com\/futbol\/wp-json\/wp\/v2\/types\/post"}],"author":[{"embeddable":true,"href":"http:\/\/desarrollo.grupomedios.com\/futbol\/wp-json\/wp\/v2\/users\/129"}],"replies":[{"embeddable":true,"href":"http:\/\/desarrollo.grupomedios.com\/futbol\/wp-json\/wp\/v2\/comments?post=512985"}],"version-history":[{"count":1,"href":"http:\/\/desarrollo.grupomedios.com\/futbol\/wp-json\/wp\/v2\/posts\/512985\/revisions"}],"predecessor-version":[{"id":512993,"href":"http:\/\/desarrollo.grupomedios.com\/futbol\/wp-json\/wp\/v2\/posts\/512985\/revisions\/512993"}],"wp:featuredmedia":[{"embeddable":true,"href":"http:\/\/desarrollo.grupomedios.com\/futbol\/wp-json\/wp\/v2\/media\/512992"}],"wp:attachment":[{"href":"http:\/\/desarrollo.grupomedios.com\/futbol\/wp-json\/wp\/v2\/media?parent=512985"}],"wp:term":[{"taxonomy":"category","embeddable":true,"href":"http:\/\/desarrollo.grupomedios.com\/futbol\/wp-json\/wp\/v2\/categories?post=512985"},{"taxonomy":"post_tag","embeddable":true,"href":"http:\/\/desarrollo.grupomedios.com\/futbol\/wp-json\/wp\/v2\/tags?post=512985"}],"curies":[{"name":"wp","href":"https:\/\/api.w.org\/{rel}","templated":true}]}}