{"id":512994,"date":"2017-12-26T17:20:58","date_gmt":"2017-12-26T23:20:58","guid":{"rendered":"https:\/\/www.futboltotal.com.mx\/?p=512994"},"modified":"2017-12-26T17:20:58","modified_gmt":"2017-12-26T23:20:58","slug":"sebastian-palacios-llega-a-pachuca-orgulloso-jugar-grande","status":"publish","type":"post","link":"http:\/\/desarrollo.grupomedios.com\/futbol\/futbol-mexicano\/sebastian-palacios-llega-a-pachuca-orgulloso-jugar-grande\/2017\/12","title":{"rendered":"Sebasti\u00e1n Palacios llega a Pachuca &#8220;orgulloso por jugar con un grande&#8221;"},"content":{"rendered":"<p>El delantero argentino <strong>Sebasti\u00e1n Palacios<\/strong> asegur\u00f3 hoy que jugar con el <strong>Pachuca<\/strong> del <strong>futbol mexicano<\/strong> es un reto y espera asumirlo con seriedad para ayudar a su equipo en el torneo <strong>Clausura 2018<\/strong>.<\/p>\n<p>&#8220;Es un desaf\u00edo jugar con Pachuca, un club grande con buen plantel&#8221;, dijo el atacante de 25 a\u00f1os, formado en el <strong>Boca Juniors<\/strong> de su pa\u00eds, quien lleg\u00f3 hoy a M\u00e9xico.<\/p>\n<p>Palacios, procedente del <strong>Talleres de C\u00f3rdoba<\/strong>, dijo estar listo para incorporarse a la pretemporada de los <strong>Tuzos<\/strong> y confi\u00f3 en llegar en buen nivel al inicio del campeonato, el 6 de enero ante el <strong>Puebla<\/strong>.<\/p>\n<p style=\"text-align: center;\"><span style=\"color: #3366ff;\"><a href=\"https:\/\/www.futboltotal.com.mx\/futbol-mexicano\/liga-mx\/walter-gonzalez-nuevo-refuerzo-pachuca\/2017\/12\">VER M\u00c1S: Walter Gonz\u00e1lez, nuevo refuerzo de Pachuca<\/a><\/span><\/p>\n<p>&#8220;Trataremos de hacer bien las cosas para ganarme un lugar y ayudar al club&#8221;, agreg\u00f3 el jugador, tambi\u00e9n con experiencia en el <strong>Uni\u00f3n<\/strong> y el <strong>Arsenal<\/strong> argentinos.<\/p>\n<p>Pachuca gan\u00f3 este mes el tercer lugar en el <strong>Mundial de Clubes<\/strong> y se confirm\u00f3 como el equipo mexicano de m\u00e1s logros en los \u00faltimos 20 a\u00f1os en los que gan\u00f3 la <strong>Copa Sudamericana del 2006,<\/strong> cinco <strong>Copas de la Concacaf<\/strong> y seis campeonatos de liga.<\/p>\n<p>Sin embargo en el pasado torneo <strong>Apertura 2017<\/strong>, el equipo del entrenador uruguayo <strong>Diego Alonso<\/strong> qued\u00f3 fuera de la liguilla al ocupar el duod\u00e9cimo lugar y ahora pretende regresar al protagonismo en el Clausura.<\/p>\n<p>Sebasti\u00e1n Palacios dijo que la idea es trabajar lo mejor posible d\u00eda a d\u00eda para adaptarse al grupo y poder mostrar su f\u00fatbol.<\/p>\n<p>&#8220;Vengo a aportar mi granito de arena&#8221;, concluy\u00f3.<\/p>\n<p>Adem\u00e1s de Palacios, el Pachuca se reforz\u00f3 con otros jugadores de ataque para el Clausura, el delantero paraguayo <strong>Walter Gonz\u00e1lez,<\/strong> procedente del <strong>Olimpia<\/strong>, y el centrocampista argentino <strong>Christian Gim\u00e9nez<\/strong>, quien llega del <strong>Cruz Azul<\/strong>. EFE<\/p>\n<p style=\"text-align: center;\"><span style=\"color: #3366ff;\"><a href=\"https:\/\/www.futboltotal.com.mx\/futbol-mexicano\/liga-mx\/cruz-azul-cerca-fichar-a-ecuatoriano-carlos-feraud\/2017\/12\">VER M\u00c1S: Cruz Azul, cerca de fichar a ecuatoriano Carlos Feraud<\/a><\/span><\/p>\n<p><iframe loading=\"lazy\" src=\"https:\/\/www.youtube.com\/embed\/IfVx5i7KuLM?feature=oembed\" frameborder=\"0\" gesture=\"media\" allow=\"encrypted-media\" allowfullscreen><\/iframe><\/p>\n","protected":false},"excerpt":{"rendered":"<p>El argentino llega proveniente de Talleres de Cord\u00f2ba de su pa\u00eds.<\/p>\n","protected":false},"author":129,"featured_media":512996,"comment_status":"closed","ping_status":"closed","sticky":false,"template":"","format":"standard","meta":[],"categories":[2198,3845],"tags":[9028,3883,64,5968,5969,6741],"_links":{"self":[{"href":"http:\/\/desarrollo.grupomedios.com\/futbol\/wp-json\/wp\/v2\/posts\/512994"}],"collection":[{"href":"http:\/\/desarrollo.grupomedios.com\/futbol\/wp-json\/wp\/v2\/posts"}],"about":[{"href":"http:\/\/desarrollo.grupomedios.com\/futbol\/wp-json\/wp\/v2\/types\/post"}],"author":[{"embeddable":true,"href":"http:\/\/desarrollo.grupomedios.com\/futbol\/wp-json\/wp\/v2\/users\/129"}],"replies":[{"embeddable":true,"href":"http:\/\/desarrollo.grupomedios.com\/futbol\/wp-json\/wp\/v2\/comments?post=512994"}],"version-history":[{"count":1,"href":"http:\/\/desarrollo.grupomedios.com\/futbol\/wp-json\/wp\/v2\/posts\/512994\/revisions"}],"predecessor-version":[{"id":512997,"href":"http:\/\/desarrollo.grupomedios.com\/futbol\/wp-json\/wp\/v2\/posts\/512994\/revisions\/512997"}],"wp:featuredmedia":[{"embeddable":true,"href":"http:\/\/desarrollo.grupomedios.com\/futbol\/wp-json\/wp\/v2\/media\/512996"}],"wp:attachment":[{"href":"http:\/\/desarrollo.grupomedios.com\/futbol\/wp-json\/wp\/v2\/media?parent=512994"}],"wp:term":[{"taxonomy":"category","embeddable":true,"href":"http:\/\/desarrollo.grupomedios.com\/futbol\/wp-json\/wp\/v2\/categories?post=512994"},{"taxonomy":"post_tag","embeddable":true,"href":"http:\/\/desarrollo.grupomedios.com\/futbol\/wp-json\/wp\/v2\/tags?post=512994"}],"curies":[{"name":"wp","href":"https:\/\/api.w.org\/{rel}","templated":true}]}}