{"id":513011,"date":"2017-12-27T11:39:20","date_gmt":"2017-12-27T17:39:20","guid":{"rendered":"https:\/\/www.futboltotal.com.mx\/?p=513011"},"modified":"2017-12-27T11:39:20","modified_gmt":"2017-12-27T17:39:20","slug":"pique-entrevisto-a-neymar-la-estrella-del-psg-hablo","status":"publish","type":"post","link":"http:\/\/desarrollo.grupomedios.com\/futbol\/futbol-internacional\/pique-entrevisto-a-neymar-la-estrella-del-psg-hablo\/2017\/12","title":{"rendered":"Piqu\u00e9 entrevist\u00f3 a Neymar y la estrella del PSG habl\u00f3 de todo"},"content":{"rendered":"<p><strong>Gerard Piqu\u00e9,<\/strong> carism\u00e1tico como siempre, <a href=\"https:\/\/www.theplayerstribune.com\/pique-neymar-interview-en-espanol\/\" target=\"_blank\" rel=\"noopener\">present\u00f3 una nueva entrevista mano a mano<\/a> para <em>The Players Tribune<\/em> y esta vez le toc\u00f3 al querido <strong>Neymar.\u00a0<\/strong>En la misma comentaron <strong>sobre las expectativas del crack brasile\u00f1o para el pr\u00f3ximo Mundial<\/strong> y adem\u00e1s record\u00f3 aquel nefasto 7-1 ante <strong>Alemania.<\/strong><\/p>\n<p><em>&#8220;Tengo muchas ganas de jugar, muchas ganas de estar ah\u00ed en el Mundial. Mi \u00faltimo Mundial no ha sido muy bueno por la espalda, por todo que me pas\u00f3, pero bueno, pasado ya y ahora se acerca el Mundial y tenemos un buen equipo, estamos bien y espero que podamos ganar uno, \u00bfno?&#8221;,<\/em> coment\u00f3 el jugador estrella del <strong>PSG.<\/strong><\/p>\n<p>Y cuando <strong>Gerard<\/strong> le pregunt\u00f3 sobre su primer recuerdo de un Mundial, <strong>Ney<\/strong> coment\u00f3 que incre\u00edblemente fue el del 94, <strong>a pesar de que ten\u00eda s\u00f3lo dos a\u00f1os:<\/strong> <em>&#8220;Creo que mi primera memoria es por la tele, mirando por la tele y\u00a0Rom\u00e1rio\u00a0haciendo los goles&#8221;,<\/em> comenta para despu\u00e9s hablar de la Copa Mundial del 2002 donde s\u00ed sigui\u00f3 todos los juegos y como hasta se hizo el mismo peinado de Ronaldo.<\/p>\n<p><em>&#8220;\u00bfAlg\u00fan jugador o alguna selecci\u00f3n que te ha impresionado durante durante tu infancia en los Mundiales?&#8221;,<\/em> pregunt\u00f3 despu\u00e9s <strong>Piqu\u00e9.<\/strong>\u00a0<em>&#8220;Rom\u00e1rio\u00a0y Ronaldo, son los dos que m\u00e1s me vienen a la cabeza cuando hablas del Mundial, de ganar el Mundial, me vienen los dos por los goles que hac\u00edan, por las jugadas, por todo, por llevar a Brasil al triunfo&#8221;,<\/em> contest\u00f3 <strong>Neymar.<\/strong><\/p>\n<p style=\"text-align: center;\"><a href=\"https:\/\/www.futboltotal.com.mx\/futbol-internacional\/psg-controlados-gps\/2017\/12\">VER M\u00c1S: PSG, controlados por GPS<\/a><\/p>\n<p>Pero tambi\u00e9n habl\u00f3 de los momentos dif\u00edciles, y la lesi\u00f3n despu\u00e9s del choque con <strong>Juan Camilo Zu\u00f1iga<\/strong> en semifinales de la pasada Copa del Mundo: <em>&#8220;Encontr\u00e9 muchos momentos que no han sido buenos, pero lo de la lesi\u00f3n,<strong> la lesi\u00f3n ha sido mi peor momento.<\/strong> S\u00f3lo lloraba en casa, ve\u00eda a mi mam\u00e1 a mi pap\u00e1 llorando, todos tristes, mis amigos, familia&#8221;. <\/em>Y contin\u00faa el relato: <em>&#8220;Cuando me choca siento una reacci\u00f3n detr\u00e1s de la pierna, sabes, me intento levantar pero me dol\u00eda mucho y me acuerdo que estaba con la cabeza al suelo, y <strong>Marcelo<\/strong> dice &#8216;no, entren, entren los doctores&#8217;, y yo &#8216;no, no, no quiero jugar&#8217;, porque quer\u00eda hacer gol&#8221;.<\/em><\/p>\n<p>Y ese juego dej\u00f3 a <strong>Ney<\/strong> sin Mundial pero con la posibilidad de recuperarse. Hasta que lleg\u00f3 el d\u00eda m\u00e1s gris de todos: <strong>El 7-1 de Alemania. <\/strong>El delantero lo vio en su casa en plena recuperaci\u00f3n <em>&#8220;S\u00ed, ha sido una cosa muy rara, muy rara. Creo que en treinta partidos esto no va pasar, pero, no sab\u00eda qu\u00e9 estaba pasando, miraba y&#8230;<strong> \u00a1Qu\u00e9 cojones est\u00e1n haciendo!. <\/strong>De esos d\u00edas que\u00a0todo mal y aparte, que sali\u00f3 todo bien para ellos. Pero bueno, es dif\u00edcil hablar de esto desde afuera, porque pregunt\u00e9 a todos los que estaban dentro y me dijeron &#8216;no s\u00e9 qu\u00e9 pas\u00f3, no consegu\u00eda hacer nada, nada&#8217;, y bueno, <strong>esto ha sido un desastre para nosotros porque a nadie se le olvida,<\/strong> e incluso seis meses despu\u00e9s del mundial siguen hablando de la selecci\u00f3n del 7-1. Toda la gente de Brasil, de afuera, hablaba mal&#8221;.<\/em><\/p>\n<p style=\"text-align: center;\"><a href=\"https:\/\/www.futboltotal.com.mx\/futbol-internacional\/messi-mensaje-navidad-a-neymar-te-seguimos-extranando\/2017\/12\">VER M\u00c1S: Messi y su mensaje de Navidad a Neymar: \u201cTe seguimos extra\u00f1ando\u201d<\/a><\/p>\n<p>Pero volviendo a lo que viviremos en un par de meses en <strong>Rusia,<\/strong> el joven de 25 a\u00f1os se anim\u00f3 a elegir a sus selecciones favoritas para la obtenci\u00f3n del t\u00edtulo: <em><strong>&#8220;Somos Brasil, Espa\u00f1a, Argentina, Francia, Alemania. Estas cinco selecciones para m\u00ed son las favoritas&#8221;,<\/strong><\/em> dijo firme. Pero tambi\u00e9n nombr\u00f3 a la que ser\u00e1 sorpresa, <strong>Islandia.<\/strong> <em>&#8220;Vi un partido de ellos y juegan muy bien. Me gust\u00f3. Tienen con qu\u00e9&#8230; Va sorprender, cuidado&#8221;.<\/em><\/p>\n<p>Dos grandes amigos y una gran pl\u00e1tica.<\/p>\n<p>Aqu\u00ed pueden checar la entrevista completa, con m\u00e1s detalles:<\/p>\n<p style=\"text-align: center;\">\u00a0<iframe loading=\"lazy\" src=\"https:\/\/www.youtube.com\/embed\/9agjz4wtIds\" frameborder=\"0\" allowfullscreen=\"allowfullscreen\"><\/iframe><\/p>\n","protected":false},"excerpt":{"rendered":"<p>Los amigos se encontraron y Ney habl\u00f3 de sus \u00eddolos, su lesi\u00f3n m\u00e1s dolorosa y sus expectativas para el Mundial de Rusia. <\/p>\n","protected":false},"author":165,"featured_media":513024,"comment_status":"closed","ping_status":"closed","sticky":false,"template":"","format":"standard","meta":[],"categories":[3839],"tags":[10323,6000,5984,11442,11443,3990,253,6214,6015,11441,11445,1245,133,1005,6001,841,114,2549,1504,1063,2232,11444],"_links":{"self":[{"href":"http:\/\/desarrollo.grupomedios.com\/futbol\/wp-json\/wp\/v2\/posts\/513011"}],"collection":[{"href":"http:\/\/desarrollo.grupomedios.com\/futbol\/wp-json\/wp\/v2\/posts"}],"about":[{"href":"http:\/\/desarrollo.grupomedios.com\/futbol\/wp-json\/wp\/v2\/types\/post"}],"author":[{"embeddable":true,"href":"http:\/\/desarrollo.grupomedios.com\/futbol\/wp-json\/wp\/v2\/users\/165"}],"replies":[{"embeddable":true,"href":"http:\/\/desarrollo.grupomedios.com\/futbol\/wp-json\/wp\/v2\/comments?post=513011"}],"version-history":[{"count":4,"href":"http:\/\/desarrollo.grupomedios.com\/futbol\/wp-json\/wp\/v2\/posts\/513011\/revisions"}],"predecessor-version":[{"id":513025,"href":"http:\/\/desarrollo.grupomedios.com\/futbol\/wp-json\/wp\/v2\/posts\/513011\/revisions\/513025"}],"wp:featuredmedia":[{"embeddable":true,"href":"http:\/\/desarrollo.grupomedios.com\/futbol\/wp-json\/wp\/v2\/media\/513024"}],"wp:attachment":[{"href":"http:\/\/desarrollo.grupomedios.com\/futbol\/wp-json\/wp\/v2\/media?parent=513011"}],"wp:term":[{"taxonomy":"category","embeddable":true,"href":"http:\/\/desarrollo.grupomedios.com\/futbol\/wp-json\/wp\/v2\/categories?post=513011"},{"taxonomy":"post_tag","embeddable":true,"href":"http:\/\/desarrollo.grupomedios.com\/futbol\/wp-json\/wp\/v2\/tags?post=513011"}],"curies":[{"name":"wp","href":"https:\/\/api.w.org\/{rel}","templated":true}]}}