{"id":513029,"date":"2017-12-27T13:24:54","date_gmt":"2017-12-27T19:24:54","guid":{"rendered":"https:\/\/www.futboltotal.com.mx\/?p=513029"},"modified":"2017-12-27T13:34:10","modified_gmt":"2017-12-27T19:34:10","slug":"mbappe-cristiano-lo-adore-cuando-era-pequeno-se-acabo","status":"publish","type":"post","link":"http:\/\/desarrollo.grupomedios.com\/futbol\/uncategorized\/mbappe-cristiano-lo-adore-cuando-era-pequeno-se-acabo\/2017\/12","title":{"rendered":"Mbapp\u00e9 sobre Cristiano: &#8220;Lo ador\u00e9 cuando era peque\u00f1o, pero eso se acab\u00f3&#8221;"},"content":{"rendered":"<p>Durante este a\u00f1o se habl\u00f3 much\u00edsimo del joven <strong>Kylian Mbapp\u00e9,<\/strong> una de las revelaciones de este 2017. Despu\u00e9s de debutar en la selecci\u00f3n de Francia y de consagrarse con el <strong>M\u00f3naco,<\/strong> finalmente fue transferido al <strong>PSG<\/strong> <a href=\"https:\/\/www.futboltotal.com.mx\/futbol-internacional\/liga-de-francia-futbol-internacional\/neymar-presiono-a-mbappe-firmar-psg\/2017\/12\" target=\"_blank\" rel=\"noopener\">y con la insistencia del propio <strong>Neymar.<\/strong><\/a> Ahora, su presente es una realidad y <strong>Mbapp\u00e9<\/strong> va encontrando su propia identidad como una estrella mundial.<\/p>\n<p>En una entrevista con <em>Marca,<\/em> el delantero confes\u00f3 que en su infancia idolatr\u00f3 a <strong>Cristiano Ronaldo,<\/strong> pero que eso <strong><em>&#8220;se acab\u00f3&#8221;.<\/em><\/strong><\/p>\n<p><em>&#8220;Es un \u00eddolo de mi infancia y fue lindo conocerlo cuando lo visit\u00e9 en Valdebebas, pero yo soy competitivo y una persona competitiva lo que quiere es ganar, ganar y ganar. As\u00ed que poco importa qui\u00e9n est\u00e9 enfrente nuestro&#8221;,<\/em> asegur\u00f3 el delantero. Y agreg\u00f3: <em><strong>&#8220;<\/strong><strong>Lo<\/strong><strong> ador\u00e9 cuando era peque\u00f1o, pero eso se acab\u00f3. Ahora voy al Bernab\u00e9u a jugar y a ganar&#8221;.<\/strong><\/em><\/p>\n<p>Y <strong>Kylian<\/strong> se anim\u00f3 a m\u00e1s al dejar un mensaje claro a los aficionados: <strong><em>&#8220;Vamos al Bernab\u00e9u a darle un mensaje al mundo&#8221;.<\/em><\/strong><\/p>\n<p style=\"text-align: center;\"><a href=\"https:\/\/www.futboltotal.com.mx\/futbol-internacional\/liga-de-francia-futbol-internacional\/tortugas-ninja-celebran-junto-a-mbappe-triunfo-psg\/2017\/12\">VER M\u00c1S: Tortugas Ninja celebran junto a Mbapp\u00e9 triunfo de PSG<\/a><\/p>\n<p>Tambi\u00e9n aprovech\u00f3 para explicar el por qu\u00e9 de su preferencia al <strong>Paris Saint Germain,<\/strong> despu\u00e9s de tambi\u00e9n haber recibido una jugosa oferta del <strong>Real Madrid.<\/strong> <em>&#8220;El PSG es el equipo de mi ciudad, es como si un ni\u00f1o madrile\u00f1o tuviera la oportunidad de jugar en su equipo y se fuera a otra parte, a otro pa\u00eds. No, no, yo quer\u00eda jugar en el PSG y estoy muy contento por c\u00f3mo est\u00e1n yendo las cosas&#8221;,<\/em> coment\u00f3.<\/p>\n<p>La dupla con <strong>Neymar<\/strong> se convirti\u00f3 en una gran amistad, y <strong>Mbapp\u00e9<\/strong> no se contuvo en elogiar a su compa\u00f1ero: <em>&#8220;Desde afuera, <strong>la gente ve a un Neymar que no es.<\/strong> Lo ven tirando esas gambetas en el campo y creen que s\u00f3lo piensa en divertirse, que es ego\u00edsta, que s\u00f3lo piensa en \u00e9l. Pero cuando compartes vestuario con \u00e9l te das cuenta que no hay nada de eso. Es de verdad una persona amable, que se acerca para interesarse por los dem\u00e1s, muy simp\u00e1tico, y el que primero juega para el equipo&#8221;.<\/em><\/p>\n<p><img decoding=\"async\" loading=\"lazy\" class=\"aligncenter wp-image-513040 \" src=\"https:\/\/www.futboltotal.com.mx\/wp-content\/uploads\/2017\/12\/ney-1024x576.jpg\" alt=\"Mbapp\u00e9 sobre Cristiano: &#8220;Lo ador\u00e9 cuando era peque\u00f1o, pero eso se acab\u00f3&#8221; 0\" srcset=\"http:\/\/desarrollo.grupomedios.com\/futbol\/wp-content\/uploads\/2017\/12\/ney-1024x576.jpg 1024w, http:\/\/desarrollo.grupomedios.com\/futbol\/wp-content\/uploads\/2017\/12\/ney-300x169.jpg 300w, http:\/\/desarrollo.grupomedios.com\/futbol\/wp-content\/uploads\/2017\/12\/ney-768x432.jpg 768w, http:\/\/desarrollo.grupomedios.com\/futbol\/wp-content\/uploads\/2017\/12\/ney-393x221.jpg 393w, http:\/\/desarrollo.grupomedios.com\/futbol\/wp-content\/uploads\/2017\/12\/ney.jpg 1136w\" sizes=\"(max-width: 871px) 100vw, 871px\" \/><\/p>\n","protected":false},"excerpt":{"rendered":"<p>La competitividad y su presente en el f\u00fatbol opacaron su admiraci\u00f3n por el portugu\u00e9s. <\/p>\n","protected":false},"author":165,"featured_media":513038,"comment_status":"closed","ping_status":"closed","sticky":false,"template":"","format":"standard","meta":[],"categories":[3839,9609,7521,1],"tags":[6013,413,11436,6214,8525,2831,8554,6001,7471,2845,114,5988,1504],"_links":{"self":[{"href":"http:\/\/desarrollo.grupomedios.com\/futbol\/wp-json\/wp\/v2\/posts\/513029"}],"collection":[{"href":"http:\/\/desarrollo.grupomedios.com\/futbol\/wp-json\/wp\/v2\/posts"}],"about":[{"href":"http:\/\/desarrollo.grupomedios.com\/futbol\/wp-json\/wp\/v2\/types\/post"}],"author":[{"embeddable":true,"href":"http:\/\/desarrollo.grupomedios.com\/futbol\/wp-json\/wp\/v2\/users\/165"}],"replies":[{"embeddable":true,"href":"http:\/\/desarrollo.grupomedios.com\/futbol\/wp-json\/wp\/v2\/comments?post=513029"}],"version-history":[{"count":4,"href":"http:\/\/desarrollo.grupomedios.com\/futbol\/wp-json\/wp\/v2\/posts\/513029\/revisions"}],"predecessor-version":[{"id":513042,"href":"http:\/\/desarrollo.grupomedios.com\/futbol\/wp-json\/wp\/v2\/posts\/513029\/revisions\/513042"}],"wp:featuredmedia":[{"embeddable":true,"href":"http:\/\/desarrollo.grupomedios.com\/futbol\/wp-json\/wp\/v2\/media\/513038"}],"wp:attachment":[{"href":"http:\/\/desarrollo.grupomedios.com\/futbol\/wp-json\/wp\/v2\/media?parent=513029"}],"wp:term":[{"taxonomy":"category","embeddable":true,"href":"http:\/\/desarrollo.grupomedios.com\/futbol\/wp-json\/wp\/v2\/categories?post=513029"},{"taxonomy":"post_tag","embeddable":true,"href":"http:\/\/desarrollo.grupomedios.com\/futbol\/wp-json\/wp\/v2\/tags?post=513029"}],"curies":[{"name":"wp","href":"https:\/\/api.w.org\/{rel}","templated":true}]}}