{"id":513093,"date":"2017-12-28T09:53:16","date_gmt":"2017-12-28T15:53:16","guid":{"rendered":"https:\/\/www.futboltotal.com.mx\/?p=513093"},"modified":"2017-12-28T09:53:28","modified_gmt":"2017-12-28T15:53:28","slug":"tevez-cerca-del-america","status":"publish","type":"post","link":"http:\/\/desarrollo.grupomedios.com\/futbol\/uncategorized\/tevez-cerca-del-america\/2017\/12","title":{"rendered":"Tevez, cerca del Am\u00e9rica"},"content":{"rendered":"<p>El destino de <strong>Carlos Tevez<\/strong>\u00a0si logra salir del <strong>Shangh\u00e1i Shenhua<\/strong>\u00a0parece estar en <strong>Boca,<\/strong> pero en las \u00faltimas horas se sum\u00f3 este inesperado y poderoso equipo: <strong><em>Am\u00e9rica<\/em> lo quiere, y ya hay un contacto.<\/strong><\/p>\n<p>Seg\u00fan reportes, directivos de las <strong>\u00c1guilas<\/strong> se juntaron con allegados del <strong>&#8220;Apache&#8221;<\/strong> para empezar a profundizar su situaci\u00f3n. La oferta ser\u00eda tan jugosa, que <strong>Boca Jrs.<\/strong> tendr\u00e1 que esperar para ver al delantero volver a ponerse la camiseta del equipo porte\u00f1o.<\/p>\n<p><strong>Tevez,<\/strong> de 33 a\u00f1os, tambi\u00e9n jug\u00f3 en<strong> Corinthians, West Ham, Manchester United<\/strong> y <strong>Manchester City.<\/strong><\/p>\n<p>Se prev\u00e9 que en los pr\u00f3ximos d\u00edas el futbolista se reuna con <strong>Santiago Ba\u00f1os<\/strong> para avanzar en las negociaciones sobre su regreso.<\/p>\n<p><strong>Crack, recuerda que hoy es un d\u00eda donde no hay que confiar en lo que se lee&#8230; \u00a1Inocente palomita que te dejaste enga\u00f1ar!\u00a0<\/strong><\/p>\n<p><img decoding=\"async\" loading=\"lazy\" class=\"alignnone size-large wp-image-513089\" src=\"https:\/\/www.futboltotal.com.mx\/wp-content\/uploads\/2017\/12\/inocente-palomita-dia-de-los-inocentes-ft-1024x135.png\" alt=\"Tevez, cerca del Am\u00e9rica 0\" srcset=\"http:\/\/desarrollo.grupomedios.com\/futbol\/wp-content\/uploads\/2017\/12\/inocente-palomita-dia-de-los-inocentes-ft-1024x135.png 1024w, http:\/\/desarrollo.grupomedios.com\/futbol\/wp-content\/uploads\/2017\/12\/inocente-palomita-dia-de-los-inocentes-ft-300x40.png 300w, http:\/\/desarrollo.grupomedios.com\/futbol\/wp-content\/uploads\/2017\/12\/inocente-palomita-dia-de-los-inocentes-ft-768x101.png 768w, http:\/\/desarrollo.grupomedios.com\/futbol\/wp-content\/uploads\/2017\/12\/inocente-palomita-dia-de-los-inocentes-ft.png 1136w\" sizes=\"(max-width: 1024px) 100vw, 1024px\" \/><\/p>\n<p>&nbsp;<\/p>\n","protected":false},"excerpt":{"rendered":"<p>Parece que Boca tendr\u00e1 que esperar, el jugador ya tuvo contacto con la directiva de Coapa.<\/p>\n","protected":false},"author":165,"featured_media":513095,"comment_status":"closed","ping_status":"closed","sticky":false,"template":"","format":"standard","meta":[],"categories":[2198,3845,1],"tags":[5959,2514,1741,1774,3883,2513,8736],"_links":{"self":[{"href":"http:\/\/desarrollo.grupomedios.com\/futbol\/wp-json\/wp\/v2\/posts\/513093"}],"collection":[{"href":"http:\/\/desarrollo.grupomedios.com\/futbol\/wp-json\/wp\/v2\/posts"}],"about":[{"href":"http:\/\/desarrollo.grupomedios.com\/futbol\/wp-json\/wp\/v2\/types\/post"}],"author":[{"embeddable":true,"href":"http:\/\/desarrollo.grupomedios.com\/futbol\/wp-json\/wp\/v2\/users\/165"}],"replies":[{"embeddable":true,"href":"http:\/\/desarrollo.grupomedios.com\/futbol\/wp-json\/wp\/v2\/comments?post=513093"}],"version-history":[{"count":3,"href":"http:\/\/desarrollo.grupomedios.com\/futbol\/wp-json\/wp\/v2\/posts\/513093\/revisions"}],"predecessor-version":[{"id":513098,"href":"http:\/\/desarrollo.grupomedios.com\/futbol\/wp-json\/wp\/v2\/posts\/513093\/revisions\/513098"}],"wp:featuredmedia":[{"embeddable":true,"href":"http:\/\/desarrollo.grupomedios.com\/futbol\/wp-json\/wp\/v2\/media\/513095"}],"wp:attachment":[{"href":"http:\/\/desarrollo.grupomedios.com\/futbol\/wp-json\/wp\/v2\/media?parent=513093"}],"wp:term":[{"taxonomy":"category","embeddable":true,"href":"http:\/\/desarrollo.grupomedios.com\/futbol\/wp-json\/wp\/v2\/categories?post=513093"},{"taxonomy":"post_tag","embeddable":true,"href":"http:\/\/desarrollo.grupomedios.com\/futbol\/wp-json\/wp\/v2\/tags?post=513093"}],"curies":[{"name":"wp","href":"https:\/\/api.w.org\/{rel}","templated":true}]}}