{"id":513099,"date":"2017-12-28T09:41:15","date_gmt":"2017-12-28T15:41:15","guid":{"rendered":"https:\/\/www.futboltotal.com.mx\/?p=513099"},"modified":"2017-12-28T09:41:15","modified_gmt":"2017-12-28T15:41:15","slug":"america-en-la-mira-al-brasileno-leo-baptistao","status":"publish","type":"post","link":"http:\/\/desarrollo.grupomedios.com\/futbol\/futbol-mexicano\/america-en-la-mira-al-brasileno-leo-baptistao\/2017\/12","title":{"rendered":"El Am\u00e9rica tienen en la mira al brasile\u00f1o Leo Baptistao"},"content":{"rendered":"<p>El cuadro de las <a href=\"https:\/\/www.futboltotal.com.mx\/futbol-mexicano\/liga-mx\/motivo-lucas-pratto-desaira-al-america\/2017\/12\" target=\"_blank\" rel=\"noopener\"><strong>\u00c1guilas del Am\u00e9rica<\/strong><\/a> se encuentra buscando refuerzos en Europa, ya se mencion\u00f3 el nombre de<a href=\"https:\/\/www.futboltotal.com.mx\/futbol-mexicano\/liga-mx\/america-esta-buscando-a-jeremy-menez\/2017\/12\" target=\"_blank\" rel=\"noopener\"><strong> J\u00e9r\u00e9my M\u00e9nez<\/strong> <\/a>como un posible refuerzo para los de Coapa de cara al comienzo del torneo <strong>Clausura 2018<\/strong> de la <strong>Liga MX<\/strong>, pero ahora se ha filtrado un nuevo nombre que ha tomado fuerza para convertirse en refuerzo para la delantera.<\/p>\n<p>Se trata del atacante\u00a0<strong>Leo Baptistao<\/strong>, delantero del<strong> Espanyol de Barcelona<\/strong>, quien ser\u00eda el elegido para ocupar la delantera junto a <strong>Oribe Peralta<\/strong>, pues la salida del atacante argentino<strong> Silvio Romero<\/strong> se ve cercana, no se sabe si se trata de un plan B por si lo del franc\u00e9s no se llega a realizar o ser\u00edan ambos futbolistas los que se encuentran en la lista de refuerzos.<\/p>\n<p style=\"text-align: center;\"><a href=\"https:\/\/www.futboltotal.com.mx\/futbol-internacional\/liga-de-italia\/diego-reyes-estaria-en-la-mira-la-lazio\/2017\/12\">VER M\u00c1S: Diego Reyes estar\u00eda en la mira de la Lazio<\/a><\/p>\n<p>Al momento su costo rondar\u00eda los <strong>5 millones de euros<\/strong>, adem\u00e1s que para los Periquitos ha sido un atacante recurrente pues ha disputado <strong>1268 minutos<\/strong> en <strong>LaLiga<\/strong> y ha logrado anotar tres goles por el momento, aunque su equipo est\u00e1 muy cerca de puestos de descenso.<\/p>\n<p>El delantero de 25 a\u00f1os ha jugado en el <strong>Rayo Vallecano, Atl\u00e9tico de Madrid y Villarreal<\/strong>, adem\u00e1s del ya mencionado Espanyol, aunque no parece ser del todo un delantero &#8216;goleador&#8217; pues su cuota de la pasada temporada apenas fue de<strong> 6 goles<\/strong> y no ha logrado pasar la cifra de <strong>7 goles<\/strong> en una temporada durante toda su carrera en Espa\u00f1a que consiguiera con el Vallecano.<\/p>\n<p>Con informaci\u00f3n de Esto<\/p>\n<p style=\"text-align: center;\"><a href=\"https:\/\/www.futboltotal.com.mx\/futbol-mexicano\/liga-mx\/pachuca-anuncio-a-refuerzo-africano-clausura-2018\/2017\/12\">VER M\u00c1S: Pachuca anunci\u00f3 a su refuerzo africano para el Clausura 2018<\/a><\/p>\n<p>&nbsp;<\/p>\n","protected":false},"excerpt":{"rendered":"<p>El delantero del Espanyol podr\u00eda ser el nuevo refuerzo de las \u00c1guilas<\/p>\n","protected":false},"author":159,"featured_media":513100,"comment_status":"closed","ping_status":"closed","sticky":false,"template":"","format":"standard","meta":[],"categories":[2198,3845],"tags":[1585,5959,9028,11456,64],"_links":{"self":[{"href":"http:\/\/desarrollo.grupomedios.com\/futbol\/wp-json\/wp\/v2\/posts\/513099"}],"collection":[{"href":"http:\/\/desarrollo.grupomedios.com\/futbol\/wp-json\/wp\/v2\/posts"}],"about":[{"href":"http:\/\/desarrollo.grupomedios.com\/futbol\/wp-json\/wp\/v2\/types\/post"}],"author":[{"embeddable":true,"href":"http:\/\/desarrollo.grupomedios.com\/futbol\/wp-json\/wp\/v2\/users\/159"}],"replies":[{"embeddable":true,"href":"http:\/\/desarrollo.grupomedios.com\/futbol\/wp-json\/wp\/v2\/comments?post=513099"}],"version-history":[{"count":1,"href":"http:\/\/desarrollo.grupomedios.com\/futbol\/wp-json\/wp\/v2\/posts\/513099\/revisions"}],"predecessor-version":[{"id":513101,"href":"http:\/\/desarrollo.grupomedios.com\/futbol\/wp-json\/wp\/v2\/posts\/513099\/revisions\/513101"}],"wp:featuredmedia":[{"embeddable":true,"href":"http:\/\/desarrollo.grupomedios.com\/futbol\/wp-json\/wp\/v2\/media\/513100"}],"wp:attachment":[{"href":"http:\/\/desarrollo.grupomedios.com\/futbol\/wp-json\/wp\/v2\/media?parent=513099"}],"wp:term":[{"taxonomy":"category","embeddable":true,"href":"http:\/\/desarrollo.grupomedios.com\/futbol\/wp-json\/wp\/v2\/categories?post=513099"},{"taxonomy":"post_tag","embeddable":true,"href":"http:\/\/desarrollo.grupomedios.com\/futbol\/wp-json\/wp\/v2\/tags?post=513099"}],"curies":[{"name":"wp","href":"https:\/\/api.w.org\/{rel}","templated":true}]}}