{"id":513133,"date":"2017-12-28T13:04:13","date_gmt":"2017-12-28T19:04:13","guid":{"rendered":"https:\/\/www.futboltotal.com.mx\/?p=513133"},"modified":"2017-12-28T13:04:13","modified_gmt":"2017-12-28T19:04:13","slug":"alan-pulido-se-marcha-a-la-mls","status":"publish","type":"post","link":"http:\/\/desarrollo.grupomedios.com\/futbol\/futbol-mexicano\/alan-pulido-se-marcha-a-la-mls\/2017\/12","title":{"rendered":"\u00bfAlan Pulido se marcha a la MLS?"},"content":{"rendered":"<p>El delantero de <strong><a href=\"https:\/\/www.futboltotal.com.mx\/futbol-mexicano\/liga-mx\/angel-zaldivar-aplica-una-broma-a-la-pique-oswaldo-alanis\/2017\/12\" target=\"_blank\" rel=\"noopener\">Chivas de Guadalajara<\/a>, Alan Pulido<\/strong> public\u00f3 un mensaje a trav\u00e9s de sus redes sociales que causo revuelo entre los aficionados, pues avisaba que dejaba a la <strong>Liga MX<\/strong> por la <strong>MLS<\/strong> de <strong>Estados Unidos<\/strong>, a lo que los usuarios respondieron de inmediato, pues parec\u00eda algo inusual por parte del atacante.<\/p>\n<p>&#8220;Mi \u00faltimo d\u00eda de entrenamiento con Chivas <strong>me acaban de avisar que voy para la MLS<\/strong> solamente me queda agradecerles por todo su apoyo y espero en un futuro regresar pronto, que DIOS los bendiga y que sigan cosechando triunfos, de vd gracias por todo nunca los olvidare&#8221;, escribi\u00f3 a trav\u00e9s de su twitter el futbolista de Chivas.<\/p>\n<blockquote class=\"twitter-tweet\" data-lang=\"es\">\n<p dir=\"ltr\" lang=\"es\">Mi \u00faltimo d\u00eda de entrenamiento con <a href=\"https:\/\/twitter.com\/Chivas?ref_src=twsrc%5Etfw\">@Chivas<\/a> me acaban de avisar que voy para la <a href=\"https:\/\/twitter.com\/futbolMLS?ref_src=twsrc%5Etfw\">@futbolMLS<\/a> solamente me queda agradecerles por todo su apoyo y espero en un futuro regresar pronto, que DIOS los bendiga y que sigan cosechando triunfos, de vd gracias por todo nunca los olvidare. <\/p>\n<p>\u2014 PULIDO 9\ufe0f\u20e3 #AP9 (@puliidooo) <a href=\"https:\/\/twitter.com\/puliidooo\/status\/946414841593585664?ref_src=twsrc%5Etfw\">28 de diciembre de 2017<\/a><\/p><\/blockquote>\n<p><script async src=\"https:\/\/platform.twitter.com\/widgets.js\" charset=\"utf-8\"><\/script><\/p>\n<p style=\"text-align: center;\"><a href=\"https:\/\/www.futboltotal.com.mx\/futbol-mexicano\/liga-mx\/america-xolos-se-disputan-al-colombiano-andres-ibarguen\/2017\/12\">VER M\u00c1S: Am\u00e9rica y Xolos se disputan al colombiano Andr\u00e9s Ibarg\u00fcen<\/a><\/p>\n<p>Sin embargo solo se trato de una broma del d\u00eda de los inocentes, pues el ariete del<strong> Reba\u00f1o<\/strong> no est\u00e1 en venta aunque muchos aficionados creyeron el anuncio, algunos otros lo tomaron con humor. Incluso su compa\u00f1ero <strong>Michael P\u00e9rez<\/strong> se uni\u00f3 a la broma publicando un tweet de despedida para el delantero.<\/p>\n<blockquote class=\"twitter-tweet\" data-lang=\"es\">\n<p dir=\"ltr\" lang=\"es\">Te deseo Mucha suerte en tu nuevo reto personal amigo, te ir\u00e1 muy bien lo s\u00e9  <a href=\"https:\/\/twitter.com\/hashtag\/tevamosaextra%C3%B1ar?src=hash&amp;ref_src=twsrc%5Etfw\">#tevamosaextra\u00f1ar<\/a> <a href=\"https:\/\/twitter.com\/puliidooo?ref_src=twsrc%5Etfw\">@puliidooo<\/a> <a href=\"https:\/\/t.co\/faJCCIim0d\">pic.twitter.com\/faJCCIim0d<\/a><\/p>\n<p>\u2014 Michael P\u00e9rez (@MichaelPerez25) <a href=\"https:\/\/twitter.com\/MichaelPerez25\/status\/946438396678955008?ref_src=twsrc%5Etfw\">28 de diciembre de 2017<\/a><\/p><\/blockquote>\n<p><script async src=\"https:\/\/platform.twitter.com\/widgets.js\" charset=\"utf-8\"><\/script><\/p>\n<p>Lo que no es broma es que en el pasado <strong>Apertura 2017<\/strong>, el tamaulipeco jug\u00f3 apenas <strong>261 minutos<\/strong> con el cuadro de Chivas por la lesi\u00f3n que lo aquej\u00f3 y <strong>no logr\u00f3 marcar en ninguna ocasi\u00f3n<\/strong>, tampoco se hizo presente en la <strong>Copa MX<\/strong> por lo que el comienzo de a\u00f1o debe ser determinante con su equipo.<\/p>\n<p style=\"text-align: center;\"><a href=\"https:\/\/www.futboltotal.com.mx\/futbol-mexicano\/liga-mx\/cruz-azul-anuncia-regreso-chelito-delgado\/2017\/12\">VER M\u00c1S: \u00a1Cruz Azul anuncia el regreso de Chelito Delgado!<\/a><\/p>\n","protected":false},"excerpt":{"rendered":"<p>El delantero Rojiblanco hizo un inesperado anuncio a trav\u00e9s de sus redes sociales<\/p>\n","protected":false},"author":159,"featured_media":513134,"comment_status":"closed","ping_status":"closed","sticky":false,"template":"","format":"standard","meta":[],"categories":[2198,3845],"tags":[1607,70,64,195],"_links":{"self":[{"href":"http:\/\/desarrollo.grupomedios.com\/futbol\/wp-json\/wp\/v2\/posts\/513133"}],"collection":[{"href":"http:\/\/desarrollo.grupomedios.com\/futbol\/wp-json\/wp\/v2\/posts"}],"about":[{"href":"http:\/\/desarrollo.grupomedios.com\/futbol\/wp-json\/wp\/v2\/types\/post"}],"author":[{"embeddable":true,"href":"http:\/\/desarrollo.grupomedios.com\/futbol\/wp-json\/wp\/v2\/users\/159"}],"replies":[{"embeddable":true,"href":"http:\/\/desarrollo.grupomedios.com\/futbol\/wp-json\/wp\/v2\/comments?post=513133"}],"version-history":[{"count":1,"href":"http:\/\/desarrollo.grupomedios.com\/futbol\/wp-json\/wp\/v2\/posts\/513133\/revisions"}],"predecessor-version":[{"id":513135,"href":"http:\/\/desarrollo.grupomedios.com\/futbol\/wp-json\/wp\/v2\/posts\/513133\/revisions\/513135"}],"wp:featuredmedia":[{"embeddable":true,"href":"http:\/\/desarrollo.grupomedios.com\/futbol\/wp-json\/wp\/v2\/media\/513134"}],"wp:attachment":[{"href":"http:\/\/desarrollo.grupomedios.com\/futbol\/wp-json\/wp\/v2\/media?parent=513133"}],"wp:term":[{"taxonomy":"category","embeddable":true,"href":"http:\/\/desarrollo.grupomedios.com\/futbol\/wp-json\/wp\/v2\/categories?post=513133"},{"taxonomy":"post_tag","embeddable":true,"href":"http:\/\/desarrollo.grupomedios.com\/futbol\/wp-json\/wp\/v2\/tags?post=513133"}],"curies":[{"name":"wp","href":"https:\/\/api.w.org\/{rel}","templated":true}]}}