{"id":513141,"date":"2017-12-28T14:34:47","date_gmt":"2017-12-28T20:34:47","guid":{"rendered":"https:\/\/www.futboltotal.com.mx\/?p=513141"},"modified":"2017-12-28T14:34:47","modified_gmt":"2017-12-28T20:34:47","slug":"leon-cerca-fichar-al-volante-argentino-emanuel-cecchini","status":"publish","type":"post","link":"http:\/\/desarrollo.grupomedios.com\/futbol\/futbol-mexicano\/leon-cerca-fichar-al-volante-argentino-emanuel-cecchini\/2017\/12","title":{"rendered":"Le\u00f3n, cerca de fichar al volante argentino Emanuel Cecchini"},"content":{"rendered":"<p>El mediocampista argentino <strong>Emanuel Cecchini<\/strong>,\u00a0 que actualmente juega en el <strong>M\u00e1laga<\/strong> de Espa\u00f1a podr\u00eda convertirse en el nuevo refuerzo del <strong>Club Le\u00f3n<\/strong> en la <strong>Liga MX<\/strong> y ser\u00eda en calidad de pr\u00e9stamo, luego que el equipo espa\u00f1ol pagara cerca de<strong> 4 millones de d\u00f3lares<\/strong> a <strong>Banfield<\/strong> para hacerse con \u00e9l.<\/p>\n<p style=\"text-align: center;\"><a href=\"https:\/\/www.futboltotal.com.mx\/futbol-mexicano\/liga-mx\/alan-pulido-se-marcha-a-la-mls\/2017\/12\">VER M\u00c1S: \u00bfAlan Pulido se marcha a la MLS?<\/a><\/p>\n<p>El argentino de <strong>21 a\u00f1os<\/strong> apenas ha visto acci\u00f3n en dos partidos de <strong>LaLiga<\/strong> y en uno de la <strong>Copa del Rey<\/strong>, apenas tiene 28 minutos disputados, hecho que lo ha obligado a buscar nuevos horizontes, pues no est\u00e1 logrando tener actividad y ser\u00eda en el futbol de M\u00e9xico donde podr\u00eda encontrar su mejor forma y tener minutos para poder regresar en un mejor nivel a Espa\u00f1a.<\/p>\n<p>El volante se ir\u00eda solamente<strong> en calidad de pr\u00e9stamo<\/strong>, pues el cuadro de los Panzas Verdes <strong>no tiene opci\u00f3n a compra<\/strong>, por lo que regresar\u00eda el pr\u00f3ximo 30 de junio con el M\u00e1laga con quien tiene un contrato hasta la temporada 2021-2022. De igual forma el cuadro de Le\u00f3n se encuentra <a href=\"https:\/\/www.futboltotal.com.mx\/futbol-mexicano\/liga-mx\/club-leon-ve-dificil-regreso-matias-britos\/2017\/12\" target=\"_blank\" rel=\"noopener\">buscando a un delantero<\/a>, pues no han logrado complementar la cuota goleadora de <strong>Mauro Boselli<\/strong>.<\/p>\n<p style=\"text-align: center;\"><a href=\"https:\/\/www.futboltotal.com.mx\/futbol-mexicano\/liga-mx\/america-en-la-mira-al-brasileno-leo-baptistao\/2017\/12\">VER M\u00c1S: El Am\u00e9rica tienen en la mira al brasile\u00f1o Leo Baptistao<\/a><\/p>\n","protected":false},"excerpt":{"rendered":"<p>El mediocampista llegar\u00eda procedente del M\u00e1laga de Espa\u00f1a <\/p>\n","protected":false},"author":159,"featured_media":513142,"comment_status":"closed","ping_status":"closed","sticky":false,"template":"","format":"standard","meta":[],"categories":[2198,3845],"tags":[9028,506,11459,64,306],"_links":{"self":[{"href":"http:\/\/desarrollo.grupomedios.com\/futbol\/wp-json\/wp\/v2\/posts\/513141"}],"collection":[{"href":"http:\/\/desarrollo.grupomedios.com\/futbol\/wp-json\/wp\/v2\/posts"}],"about":[{"href":"http:\/\/desarrollo.grupomedios.com\/futbol\/wp-json\/wp\/v2\/types\/post"}],"author":[{"embeddable":true,"href":"http:\/\/desarrollo.grupomedios.com\/futbol\/wp-json\/wp\/v2\/users\/159"}],"replies":[{"embeddable":true,"href":"http:\/\/desarrollo.grupomedios.com\/futbol\/wp-json\/wp\/v2\/comments?post=513141"}],"version-history":[{"count":1,"href":"http:\/\/desarrollo.grupomedios.com\/futbol\/wp-json\/wp\/v2\/posts\/513141\/revisions"}],"predecessor-version":[{"id":513143,"href":"http:\/\/desarrollo.grupomedios.com\/futbol\/wp-json\/wp\/v2\/posts\/513141\/revisions\/513143"}],"wp:featuredmedia":[{"embeddable":true,"href":"http:\/\/desarrollo.grupomedios.com\/futbol\/wp-json\/wp\/v2\/media\/513142"}],"wp:attachment":[{"href":"http:\/\/desarrollo.grupomedios.com\/futbol\/wp-json\/wp\/v2\/media?parent=513141"}],"wp:term":[{"taxonomy":"category","embeddable":true,"href":"http:\/\/desarrollo.grupomedios.com\/futbol\/wp-json\/wp\/v2\/categories?post=513141"},{"taxonomy":"post_tag","embeddable":true,"href":"http:\/\/desarrollo.grupomedios.com\/futbol\/wp-json\/wp\/v2\/tags?post=513141"}],"curies":[{"name":"wp","href":"https:\/\/api.w.org\/{rel}","templated":true}]}}