{"id":513164,"date":"2017-12-28T18:20:55","date_gmt":"2017-12-29T00:20:55","guid":{"rendered":"https:\/\/www.futboltotal.com.mx\/?p=513164"},"modified":"2017-12-28T18:20:55","modified_gmt":"2017-12-29T00:20:55","slug":"de-cara-al-mundial-recordamos-a-las-aficionadas-mas-sexies","status":"publish","type":"post","link":"http:\/\/desarrollo.grupomedios.com\/futbol\/uncategorized\/de-cara-al-mundial-recordamos-a-las-aficionadas-mas-sexies\/2017\/12","title":{"rendered":"De cara al Mundial, recordamos a las aficionadas m\u00e1s sexies"},"content":{"rendered":"<p>Mientras que los futbolistas luchar\u00e1n en una nueva <strong>Copa del Mundo,<\/strong> los aficionados se preparan para llenar los estadios de <strong>Rusia<\/strong> y claro,<strong> las bellezas tambi\u00e9n estar\u00e1n presentes alentando a sus selecciones. <\/strong><\/p>\n<p>Todos sabemos que cuando se trata de su equipo favorito, para los hinchas todo lo dem\u00e1s carece de importancia\u2026 <strong>hasta que aparecen ellas.\u00a0<\/strong>Y aunque el Mundial se desarrollar\u00e1 durante el verano boreal, estas diosas podr\u00edan sentir un poco de fr\u00edo pero jam\u00e1s dejar\u00e1n de ser el centro de atenci\u00f3n.<\/p>\n<p><strong>\u00a1Salud por ellas!\u00a0<\/strong><\/p>\n<h1>Argentina<\/h1>\n<p>Si se hiciera un Mundial de mujeres hermosas, la albiceleste la hubiera ganado por goleada.<\/p>\n<p><img decoding=\"async\" loading=\"lazy\" class=\"wp-image-513169 aligncenter\" src=\"https:\/\/www.futboltotal.com.mx\/wp-content\/uploads\/2017\/12\/h1.jpg\" alt=\"De cara al Mundial, recordamos a las aficionadas m\u00e1s sexies 0\" srcset=\"http:\/\/desarrollo.grupomedios.com\/futbol\/wp-content\/uploads\/2017\/12\/h1.jpg 980w, http:\/\/desarrollo.grupomedios.com\/futbol\/wp-content\/uploads\/2017\/12\/h1-300x225.jpg 300w, http:\/\/desarrollo.grupomedios.com\/futbol\/wp-content\/uploads\/2017\/12\/h1-768x576.jpg 768w\" sizes=\"(max-width: 606px) 100vw, 606px\" \/><\/p>\n<p><img decoding=\"async\" loading=\"lazy\" class=\"wp-image-513170 aligncenter\" src=\"https:\/\/www.futboltotal.com.mx\/wp-content\/uploads\/2017\/12\/Fondox.net_rubia-argentina-con-la-copa_2356x2631-917x1024.jpg\" alt=\"De cara al Mundial, recordamos a las aficionadas m\u00e1s sexies 1\" srcset=\"http:\/\/desarrollo.grupomedios.com\/futbol\/wp-content\/uploads\/2017\/12\/Fondox.net_rubia-argentina-con-la-copa_2356x2631-917x1024.jpg 917w, http:\/\/desarrollo.grupomedios.com\/futbol\/wp-content\/uploads\/2017\/12\/Fondox.net_rubia-argentina-con-la-copa_2356x2631-269x300.jpg 269w, http:\/\/desarrollo.grupomedios.com\/futbol\/wp-content\/uploads\/2017\/12\/Fondox.net_rubia-argentina-con-la-copa_2356x2631-768x858.jpg 768w, http:\/\/desarrollo.grupomedios.com\/futbol\/wp-content\/uploads\/2017\/12\/Fondox.net_rubia-argentina-con-la-copa_2356x2631.jpg 1500w\" sizes=\"(max-width: 514px) 100vw, 514px\" \/><\/p>\n<p><img decoding=\"async\" loading=\"lazy\" class=\"wp-image-513171 aligncenter\" src=\"https:\/\/www.futboltotal.com.mx\/wp-content\/uploads\/2017\/12\/h2.jpg\" alt=\"De cara al Mundial, recordamos a las aficionadas m\u00e1s sexies 2\" srcset=\"http:\/\/desarrollo.grupomedios.com\/futbol\/wp-content\/uploads\/2017\/12\/h2.jpg 970w, http:\/\/desarrollo.grupomedios.com\/futbol\/wp-content\/uploads\/2017\/12\/h2-300x169.jpg 300w, http:\/\/desarrollo.grupomedios.com\/futbol\/wp-content\/uploads\/2017\/12\/h2-768x433.jpg 768w, http:\/\/desarrollo.grupomedios.com\/futbol\/wp-content\/uploads\/2017\/12\/h2-393x221.jpg 393w\" sizes=\"(max-width: 630px) 100vw, 630px\" \/><\/p>\n<p>&nbsp;<\/p>\n<h1>Colombia<\/h1>\n<p>Estamos felices porque nuevamente el equipo cafetero estar\u00e1 presente en una Copa del Mundo&#8230; y claro, tambi\u00e9n estar\u00e1n ellas.<\/p>\n<p><img decoding=\"async\" loading=\"lazy\" class=\"wp-image-513172 aligncenter\" src=\"https:\/\/www.futboltotal.com.mx\/wp-content\/uploads\/2017\/12\/h3.jpg\" alt=\"De cara al Mundial, recordamos a las aficionadas m\u00e1s sexies 3\" srcset=\"http:\/\/desarrollo.grupomedios.com\/futbol\/wp-content\/uploads\/2017\/12\/h3.jpg 950w, http:\/\/desarrollo.grupomedios.com\/futbol\/wp-content\/uploads\/2017\/12\/h3-300x167.jpg 300w, http:\/\/desarrollo.grupomedios.com\/futbol\/wp-content\/uploads\/2017\/12\/h3-768x428.jpg 768w\" sizes=\"(max-width: 658px) 100vw, 658px\" \/><\/p>\n<p><img decoding=\"async\" loading=\"lazy\" class=\"wp-image-513173 aligncenter\" src=\"https:\/\/www.futboltotal.com.mx\/wp-content\/uploads\/2017\/12\/h4.jpg\" alt=\"De cara al Mundial, recordamos a las aficionadas m\u00e1s sexies 4\" srcset=\"http:\/\/desarrollo.grupomedios.com\/futbol\/wp-content\/uploads\/2017\/12\/h4.jpg 630w, http:\/\/desarrollo.grupomedios.com\/futbol\/wp-content\/uploads\/2017\/12\/h4-232x300.jpg 232w\" sizes=\"(max-width: 423px) 100vw, 423px\" \/><\/p>\n<h1>Alemania<\/h1>\n<p>Equipo favorito en el campo de juego y en las gradas.<\/p>\n<p><img decoding=\"async\" loading=\"lazy\" class=\"wp-image-513177 aligncenter\" src=\"https:\/\/www.futboltotal.com.mx\/wp-content\/uploads\/2017\/12\/h8.jpeg\" alt=\"De cara al Mundial, recordamos a las aficionadas m\u00e1s sexies 5\" srcset=\"http:\/\/desarrollo.grupomedios.com\/futbol\/wp-content\/uploads\/2017\/12\/h8.jpeg 858w, http:\/\/desarrollo.grupomedios.com\/futbol\/wp-content\/uploads\/2017\/12\/h8-300x193.jpeg 300w, http:\/\/desarrollo.grupomedios.com\/futbol\/wp-content\/uploads\/2017\/12\/h8-768x495.jpeg 768w\" sizes=\"(max-width: 631px) 100vw, 631px\" \/><\/p>\n<p><img decoding=\"async\" loading=\"lazy\" class=\"wp-image-513176 aligncenter\" src=\"https:\/\/www.futboltotal.com.mx\/wp-content\/uploads\/2017\/12\/h7.jpg\" alt=\"De cara al Mundial, recordamos a las aficionadas m\u00e1s sexies 6\" srcset=\"http:\/\/desarrollo.grupomedios.com\/futbol\/wp-content\/uploads\/2017\/12\/h7.jpg 940w, http:\/\/desarrollo.grupomedios.com\/futbol\/wp-content\/uploads\/2017\/12\/h7-300x200.jpg 300w, http:\/\/desarrollo.grupomedios.com\/futbol\/wp-content\/uploads\/2017\/12\/h7-768x512.jpg 768w\" sizes=\"(max-width: 695px) 100vw, 695px\" \/><\/p>\n<h1>Brasil<\/h1>\n<p>Aqu\u00ed jam\u00e1s pierden por 7-1.<\/p>\n<p><img decoding=\"async\" loading=\"lazy\" class=\"wp-image-513178 aligncenter\" src=\"https:\/\/www.futboltotal.com.mx\/wp-content\/uploads\/2017\/12\/h5.jpg\" alt=\"De cara al Mundial, recordamos a las aficionadas m\u00e1s sexies 7\" srcset=\"http:\/\/desarrollo.grupomedios.com\/futbol\/wp-content\/uploads\/2017\/12\/h5.jpg 500w, http:\/\/desarrollo.grupomedios.com\/futbol\/wp-content\/uploads\/2017\/12\/h5-229x300.jpg 229w\" sizes=\"(max-width: 400px) 100vw, 400px\" \/><\/p>\n<p><img decoding=\"async\" loading=\"lazy\" class=\"wp-image-513179 aligncenter\" src=\"https:\/\/www.futboltotal.com.mx\/wp-content\/uploads\/2017\/12\/h6.jpg\" alt=\"De cara al Mundial, recordamos a las aficionadas m\u00e1s sexies 8\" srcset=\"http:\/\/desarrollo.grupomedios.com\/futbol\/wp-content\/uploads\/2017\/12\/h6.jpg 960w, http:\/\/desarrollo.grupomedios.com\/futbol\/wp-content\/uploads\/2017\/12\/h6-300x197.jpg 300w, http:\/\/desarrollo.grupomedios.com\/futbol\/wp-content\/uploads\/2017\/12\/h6-768x504.jpg 768w\" sizes=\"(max-width: 646px) 100vw, 646px\" \/><\/p>\n<h1>Portugal<\/h1>\n<p>Cristiano, ellas marcan m\u00e1s goles que tu.<\/p>\n<p><img decoding=\"async\" loading=\"lazy\" class=\" wp-image-513180 aligncenter\" src=\"https:\/\/www.futboltotal.com.mx\/wp-content\/uploads\/2017\/12\/h9.jpg\" alt=\"De cara al Mundial, recordamos a las aficionadas m\u00e1s sexies 9\" srcset=\"http:\/\/desarrollo.grupomedios.com\/futbol\/wp-content\/uploads\/2017\/12\/h9.jpg 619w, http:\/\/desarrollo.grupomedios.com\/futbol\/wp-content\/uploads\/2017\/12\/h9-300x225.jpg 300w\" sizes=\"(max-width: 558px) 100vw, 558px\" \/><\/p>\n<p><img decoding=\"async\" loading=\"lazy\" class=\"wp-image-513181 aligncenter\" src=\"https:\/\/www.futboltotal.com.mx\/wp-content\/uploads\/2017\/12\/h10.jpg\" alt=\"De cara al Mundial, recordamos a las aficionadas m\u00e1s sexies 10\" srcset=\"http:\/\/desarrollo.grupomedios.com\/futbol\/wp-content\/uploads\/2017\/12\/h10.jpg 940w, http:\/\/desarrollo.grupomedios.com\/futbol\/wp-content\/uploads\/2017\/12\/h10-300x200.jpg 300w, http:\/\/desarrollo.grupomedios.com\/futbol\/wp-content\/uploads\/2017\/12\/h10-768x512.jpg 768w\" sizes=\"(max-width: 675px) 100vw, 675px\" \/><\/p>\n<p>&nbsp;<\/p>\n<h1>Espa\u00f1a<\/h1>\n<p>\u00a1Ol\u00e9, se\u00f1oritas!<\/p>\n<p><img decoding=\"async\" loading=\"lazy\" class=\"wp-image-513182 aligncenter\" src=\"https:\/\/www.futboltotal.com.mx\/wp-content\/uploads\/2017\/12\/h11.jpg\" alt=\"De cara al Mundial, recordamos a las aficionadas m\u00e1s sexies 11\" srcset=\"http:\/\/desarrollo.grupomedios.com\/futbol\/wp-content\/uploads\/2017\/12\/h11.jpg 600w, http:\/\/desarrollo.grupomedios.com\/futbol\/wp-content\/uploads\/2017\/12\/h11-208x300.jpg 208w\" sizes=\"(max-width: 385px) 100vw, 385px\" \/><\/p>\n<p><img decoding=\"async\" loading=\"lazy\" class=\"wp-image-513183 aligncenter\" src=\"https:\/\/www.futboltotal.com.mx\/wp-content\/uploads\/2017\/12\/Captura-de-pantalla-2017-12-28-a-las-18.01.01.jpg\" alt=\"De cara al Mundial, recordamos a las aficionadas m\u00e1s sexies 12\" srcset=\"http:\/\/desarrollo.grupomedios.com\/futbol\/wp-content\/uploads\/2017\/12\/Captura-de-pantalla-2017-12-28-a-las-18.01.01.jpg 997w, http:\/\/desarrollo.grupomedios.com\/futbol\/wp-content\/uploads\/2017\/12\/Captura-de-pantalla-2017-12-28-a-las-18.01.01-300x192.jpg 300w, http:\/\/desarrollo.grupomedios.com\/futbol\/wp-content\/uploads\/2017\/12\/Captura-de-pantalla-2017-12-28-a-las-18.01.01-768x492.jpg 768w\" sizes=\"(max-width: 584px) 100vw, 584px\" \/><\/p>\n<h1>Islandia<\/h1>\n<p>Por supuesto, las revelaciones.<\/p>\n<p><img decoding=\"async\" loading=\"lazy\" class=\"size-full wp-image-513184 aligncenter\" src=\"https:\/\/www.futboltotal.com.mx\/wp-content\/uploads\/2017\/12\/h12.jpg\" alt=\"De cara al Mundial, recordamos a las aficionadas m\u00e1s sexies 13\" srcset=\"http:\/\/desarrollo.grupomedios.com\/futbol\/wp-content\/uploads\/2017\/12\/h12.jpg 600w, http:\/\/desarrollo.grupomedios.com\/futbol\/wp-content\/uploads\/2017\/12\/h12-300x200.jpg 300w\" sizes=\"(max-width: 600px) 100vw, 600px\" \/><\/p>\n<p><img decoding=\"async\" loading=\"lazy\" class=\"size-large wp-image-513185 aligncenter\" src=\"https:\/\/www.futboltotal.com.mx\/wp-content\/uploads\/2017\/12\/Captura-de-pantalla-2017-12-28-a-las-18.05.50.jpg\" alt=\"De cara al Mundial, recordamos a las aficionadas m\u00e1s sexies 14\" srcset=\"http:\/\/desarrollo.grupomedios.com\/futbol\/wp-content\/uploads\/2017\/12\/Captura-de-pantalla-2017-12-28-a-las-18.05.50.jpg 349w, http:\/\/desarrollo.grupomedios.com\/futbol\/wp-content\/uploads\/2017\/12\/Captura-de-pantalla-2017-12-28-a-las-18.05.50-199x300.jpg 199w\" sizes=\"(max-width: 349px) 100vw, 349px\" \/><\/p>\n<h1>Rusia<\/h1>\n<p>\u00a1Un aplauso para las locales!<\/p>\n<p><img decoding=\"async\" loading=\"lazy\" class=\"size-full wp-image-513186 aligncenter\" src=\"https:\/\/www.futboltotal.com.mx\/wp-content\/uploads\/2017\/12\/h14.jpg\" alt=\"De cara al Mundial, recordamos a las aficionadas m\u00e1s sexies 15\" srcset=\"http:\/\/desarrollo.grupomedios.com\/futbol\/wp-content\/uploads\/2017\/12\/h14.jpg 600w, http:\/\/desarrollo.grupomedios.com\/futbol\/wp-content\/uploads\/2017\/12\/h14-300x209.jpg 300w\" sizes=\"(max-width: 600px) 100vw, 600px\" \/><\/p>\n<p><img decoding=\"async\" loading=\"lazy\" class=\"wp-image-513187 aligncenter\" src=\"https:\/\/www.futboltotal.com.mx\/wp-content\/uploads\/2017\/12\/h15.jpg\" alt=\"De cara al Mundial, recordamos a las aficionadas m\u00e1s sexies 16\" srcset=\"http:\/\/desarrollo.grupomedios.com\/futbol\/wp-content\/uploads\/2017\/12\/h15.jpg 1000w, http:\/\/desarrollo.grupomedios.com\/futbol\/wp-content\/uploads\/2017\/12\/h15-300x192.jpg 300w, http:\/\/desarrollo.grupomedios.com\/futbol\/wp-content\/uploads\/2017\/12\/h15-768x492.jpg 768w\" sizes=\"(max-width: 745px) 100vw, 745px\" \/><\/p>\n<h1>M\u00e9xico<\/h1>\n<p>Y por supuesto&#8230; \u00a1Qu\u00e9 viva M\u00e9xico y sus mujeres!<\/p>\n<p><img decoding=\"async\" loading=\"lazy\" class=\"wp-image-513188 aligncenter\" src=\"https:\/\/www.futboltotal.com.mx\/wp-content\/uploads\/2017\/12\/h17-1024x576.jpg\" alt=\"De cara al Mundial, recordamos a las aficionadas m\u00e1s sexies 17\" srcset=\"http:\/\/desarrollo.grupomedios.com\/futbol\/wp-content\/uploads\/2017\/12\/h17.jpg 1024w, http:\/\/desarrollo.grupomedios.com\/futbol\/wp-content\/uploads\/2017\/12\/h17-300x169.jpg 300w, http:\/\/desarrollo.grupomedios.com\/futbol\/wp-content\/uploads\/2017\/12\/h17-768x432.jpg 768w, http:\/\/desarrollo.grupomedios.com\/futbol\/wp-content\/uploads\/2017\/12\/h17-393x221.jpg 393w\" sizes=\"(max-width: 693px) 100vw, 693px\" \/><\/p>\n<p><img decoding=\"async\" loading=\"lazy\" class=\" wp-image-513189 aligncenter\" src=\"https:\/\/www.futboltotal.com.mx\/wp-content\/uploads\/2017\/12\/h18.jpg\" alt=\"De cara al Mundial, recordamos a las aficionadas m\u00e1s sexies 18\" srcset=\"http:\/\/desarrollo.grupomedios.com\/futbol\/wp-content\/uploads\/2017\/12\/h18.jpg 634w, http:\/\/desarrollo.grupomedios.com\/futbol\/wp-content\/uploads\/2017\/12\/h18-300x293.jpg 300w\" sizes=\"(max-width: 553px) 100vw, 553px\" \/><\/p>\n<p><img decoding=\"async\" loading=\"lazy\" class=\"wp-image-513190 aligncenter\" src=\"https:\/\/www.futboltotal.com.mx\/wp-content\/uploads\/2017\/12\/h16-1024x682.jpg\" alt=\"De cara al Mundial, recordamos a las aficionadas m\u00e1s sexies 19\" srcset=\"http:\/\/desarrollo.grupomedios.com\/futbol\/wp-content\/uploads\/2017\/12\/h16-1024x682.jpg 1024w, http:\/\/desarrollo.grupomedios.com\/futbol\/wp-content\/uploads\/2017\/12\/h16-300x200.jpg 300w, http:\/\/desarrollo.grupomedios.com\/futbol\/wp-content\/uploads\/2017\/12\/h16-768x512.jpg 768w, http:\/\/desarrollo.grupomedios.com\/futbol\/wp-content\/uploads\/2017\/12\/h16.jpg 2000w\" sizes=\"(max-width: 707px) 100vw, 707px\" \/><\/p>\n<p><img decoding=\"async\" loading=\"lazy\" class=\"wp-image-513191 aligncenter\" src=\"https:\/\/www.futboltotal.com.mx\/wp-content\/uploads\/2017\/12\/h19.jpg\" alt=\"De cara al Mundial, recordamos a las aficionadas m\u00e1s sexies 20\" srcset=\"http:\/\/desarrollo.grupomedios.com\/futbol\/wp-content\/uploads\/2017\/12\/h19.jpg 580w, http:\/\/desarrollo.grupomedios.com\/futbol\/wp-content\/uploads\/2017\/12\/h19-219x300.jpg 219w\" sizes=\"(max-width: 452px) 100vw, 452px\" \/><\/p>\n<p>&nbsp;<\/p>\n","protected":false},"excerpt":{"rendered":"<p>Un espect\u00e1culo que se vive en las gradas. <\/p>\n","protected":false},"author":165,"featured_media":513190,"comment_status":"closed","ping_status":"closed","sticky":false,"template":"","format":"standard","meta":[],"categories":[1],"tags":[11460,125,10820,11461,11448,133,1063,2232],"_links":{"self":[{"href":"http:\/\/desarrollo.grupomedios.com\/futbol\/wp-json\/wp\/v2\/posts\/513164"}],"collection":[{"href":"http:\/\/desarrollo.grupomedios.com\/futbol\/wp-json\/wp\/v2\/posts"}],"about":[{"href":"http:\/\/desarrollo.grupomedios.com\/futbol\/wp-json\/wp\/v2\/types\/post"}],"author":[{"embeddable":true,"href":"http:\/\/desarrollo.grupomedios.com\/futbol\/wp-json\/wp\/v2\/users\/165"}],"replies":[{"embeddable":true,"href":"http:\/\/desarrollo.grupomedios.com\/futbol\/wp-json\/wp\/v2\/comments?post=513164"}],"version-history":[{"count":2,"href":"http:\/\/desarrollo.grupomedios.com\/futbol\/wp-json\/wp\/v2\/posts\/513164\/revisions"}],"predecessor-version":[{"id":513192,"href":"http:\/\/desarrollo.grupomedios.com\/futbol\/wp-json\/wp\/v2\/posts\/513164\/revisions\/513192"}],"wp:featuredmedia":[{"embeddable":true,"href":"http:\/\/desarrollo.grupomedios.com\/futbol\/wp-json\/wp\/v2\/media\/513190"}],"wp:attachment":[{"href":"http:\/\/desarrollo.grupomedios.com\/futbol\/wp-json\/wp\/v2\/media?parent=513164"}],"wp:term":[{"taxonomy":"category","embeddable":true,"href":"http:\/\/desarrollo.grupomedios.com\/futbol\/wp-json\/wp\/v2\/categories?post=513164"},{"taxonomy":"post_tag","embeddable":true,"href":"http:\/\/desarrollo.grupomedios.com\/futbol\/wp-json\/wp\/v2\/tags?post=513164"}],"curies":[{"name":"wp","href":"https:\/\/api.w.org\/{rel}","templated":true}]}}