{"id":513216,"date":"2017-12-29T11:32:59","date_gmt":"2017-12-29T17:32:59","guid":{"rendered":"https:\/\/www.futboltotal.com.mx\/?p=513216"},"modified":"2017-12-29T11:32:59","modified_gmt":"2017-12-29T17:32:59","slug":"besiktas-desea-robarle-a-tigres-uanl-a-andre-pierre-gignac","status":"publish","type":"post","link":"http:\/\/desarrollo.grupomedios.com\/futbol\/destacado-home\/besiktas-desea-robarle-a-tigres-uanl-a-andre-pierre-gignac\/2017\/12","title":{"rendered":"El Besiktas desea robarle a Tigres a Andr\u00e9-Pierre Gignac"},"content":{"rendered":"<p>Los <strong>Tigres UANL<\/strong> vuelven a sufrir una nueva amenaza para perder a una de sus m\u00e1ximas estrellas, pues el delantero franc\u00e9s <strong><a href=\"https:\/\/www.futboltotal.com.mx\/futbol-mexicano\/liga-mx\/gignac-presume-la-estrella-campeon-los-tigres\/2017\/12\" target=\"_blank\" rel=\"noopener\">Andr\u00e9-Pierre Gignac<\/a> <\/strong>est\u00e1 en la mira del <strong>Besiktas de Turqu\u00eda<\/strong> quienes cargar\u00edan por tercera ocasi\u00f3n para hacerse con el futbolista y alejarlo de la <strong>Liga MX<\/strong> para el <strong>Clausura 2018.<\/strong><\/p>\n<p>El <strong>Besiktas<\/strong> se ha puesto en marcha para buscar a un atacante de experiencia y que de resultados de inmediato, pues su actual estrella,\u00a0<strong>Cenk Tosun <\/strong>parece dejar\u00e1 al equipo para ir a la <strong>Premier League<\/strong> con el <strong>Everton<\/strong> a cambio de<strong> 28 millones de euros<\/strong>, por ello ya se han puesto a vislumbrar otras opciones para reemplazarlo.<\/p>\n<p style=\"text-align: center;\"><a href=\"https:\/\/www.futboltotal.com.mx\/futbol-mexicano\/liga-mx\/rayados-monterrey-desea-al-delantero-edin-dzeko\/2017\/12\">VER M\u00c1S: Rayados de Monterrey desea al delantero Edin Dzeko<\/a><\/p>\n<p>Desde Turqu\u00eda aseguran que una de las v\u00edas de escape es el franc\u00e9s de 32 a\u00f1os\u00a0<strong>Andr\u00e9-Pierre Gignac,\u00a0<\/strong>quien actualmente es estrella de <strong>Tigres UANL<\/strong>. Desde 2015 el galo ha estado en el futbol mexicano y el equipo turco ha coqueteado con un posible fichaje del delantero, esta ser\u00eda la tercera ocasi\u00f3n en la que intentar\u00e1n ficharlo.<\/p>\n<p><strong>Cyle Larin del Orlando City, Demba Ba del\u00a0Shanghai Shenhua y Samuel Eto&#8217;o del\u00a0Antalyaspor<\/strong> son otros de los nombres que est\u00e1 manejando la directiva turca para poder ocupar el hueco que se ha quedado en la delantera.<\/p>\n<p style=\"text-align: center;\"><a href=\"https:\/\/www.futboltotal.com.mx\/futbol-internacional\/liga-de-francia-futbol-internacional\/2017-neymar-la-estrella-brilla-en-paris\/2017\/12\">VER M\u00c1S: El 2017 de Neymar; la estrella que brilla en Par\u00eds<\/a><\/p>\n<p>Con informaci\u00f3n de\u00a0Milliyet y topmercato<\/p>\n<p>&nbsp;<\/p>\n","protected":false},"excerpt":{"rendered":"<p>El delantero franc\u00e9s vuelve a estar en la mira del conjunto turco<\/p>\n","protected":false},"author":159,"featured_media":513219,"comment_status":"closed","ping_status":"closed","sticky":false,"template":"","format":"standard","meta":[],"categories":[5,2198,3845],"tags":[5564,5773,64,570],"_links":{"self":[{"href":"http:\/\/desarrollo.grupomedios.com\/futbol\/wp-json\/wp\/v2\/posts\/513216"}],"collection":[{"href":"http:\/\/desarrollo.grupomedios.com\/futbol\/wp-json\/wp\/v2\/posts"}],"about":[{"href":"http:\/\/desarrollo.grupomedios.com\/futbol\/wp-json\/wp\/v2\/types\/post"}],"author":[{"embeddable":true,"href":"http:\/\/desarrollo.grupomedios.com\/futbol\/wp-json\/wp\/v2\/users\/159"}],"replies":[{"embeddable":true,"href":"http:\/\/desarrollo.grupomedios.com\/futbol\/wp-json\/wp\/v2\/comments?post=513216"}],"version-history":[{"count":1,"href":"http:\/\/desarrollo.grupomedios.com\/futbol\/wp-json\/wp\/v2\/posts\/513216\/revisions"}],"predecessor-version":[{"id":513220,"href":"http:\/\/desarrollo.grupomedios.com\/futbol\/wp-json\/wp\/v2\/posts\/513216\/revisions\/513220"}],"wp:featuredmedia":[{"embeddable":true,"href":"http:\/\/desarrollo.grupomedios.com\/futbol\/wp-json\/wp\/v2\/media\/513219"}],"wp:attachment":[{"href":"http:\/\/desarrollo.grupomedios.com\/futbol\/wp-json\/wp\/v2\/media?parent=513216"}],"wp:term":[{"taxonomy":"category","embeddable":true,"href":"http:\/\/desarrollo.grupomedios.com\/futbol\/wp-json\/wp\/v2\/categories?post=513216"},{"taxonomy":"post_tag","embeddable":true,"href":"http:\/\/desarrollo.grupomedios.com\/futbol\/wp-json\/wp\/v2\/tags?post=513216"}],"curies":[{"name":"wp","href":"https:\/\/api.w.org\/{rel}","templated":true}]}}