{"id":513221,"date":"2017-12-29T11:46:23","date_gmt":"2017-12-29T17:46:23","guid":{"rendered":"https:\/\/www.futboltotal.com.mx\/?p=513221"},"modified":"2017-12-29T11:46:23","modified_gmt":"2017-12-29T17:46:23","slug":"comparaciones-messi-ronaldo-hicieron-dano-a-dybala","status":"publish","type":"post","link":"http:\/\/desarrollo.grupomedios.com\/futbol\/futbol-internacional\/comparaciones-messi-ronaldo-hicieron-dano-a-dybala\/2017\/12","title":{"rendered":"Comparaciones con Messi y Ronaldo hicieron da\u00f1o a Dybala"},"content":{"rendered":"<p>El t\u00e9cnico del <strong>Juventus, Massimiliano Allegri,<\/strong> opin\u00f3 hoy que las comparaciones hechas al comienzo de este curso entre el argentino <strong>Paulo\u00a0<span class=\"classCadenaBusqueda\">Dybala<\/span><\/strong>, su compatriota <a href=\"https:\/\/www.futboltotal.com.mx\/futbol-internacional\/liga-de-espana\/lionel-messi-latino-gano-dinero-en-2017\/2017\/12\" target=\"_blank\" rel=\"noopener\"><strong>Lionel Messi<\/strong><\/a> y el portugu\u00e9s <a href=\"https:\/\/www.futboltotal.com.mx\/futbol-internacional\/liga-de-espana\/la-epica-falla-cristiano-ronaldo-en-real-madrid-barcelona\/2017\/12\" target=\"_blank\" rel=\"noopener\"><strong>Cristiano Ronaldo<\/strong><\/a> han hecho &#8220;da\u00f1o&#8221; a su delantero.<\/p>\n<p>Allegri record\u00f3 en rueda de prensa que Messi y Ronaldo ya ganaron diez <strong>Balones de Oro<\/strong> en sus carreras (cinco cada uno) y, pese a reconocer el gran potencial de\u00a0<span class=\"classCadenaBusqueda\">Dybala<\/span>, opin\u00f3 que todav\u00eda es pronto para compararle con dos leyendas del f\u00fatbol.<\/p>\n<p>&#8220;No se puede comparar a un chico de 24 a\u00f1os (<span class=\"classCadenaBusqueda\">Dybala<\/span>) con dos genios del f\u00fatbol (Messi y Ronaldo), o incluso tres. Los primeros dos ganaron diez Balones de Oro y luego est\u00e1 (el brasile\u00f1o) <a href=\"https:\/\/www.futboltotal.com.mx\/futbol-internacional\/liga-de-francia-futbol-internacional\/2017-neymar-la-estrella-brilla-en-paris\/2017\/12\" target=\"_blank\" rel=\"noopener\"><strong>Neymar Jr<\/strong><\/a>, que es otro que est\u00e1 cerca de ese nivel&#8221;, asegur\u00f3 Allegri.<\/p>\n<p>El entrenador del Juventus destac\u00f3 que cada jugador tiene que seguir su propio proceso de maduraci\u00f3n y explic\u00f3 que\u00a0<span class=\"classCadenaBusqueda\">Dybala<\/span>\u00a0todav\u00eda <strong>&#8220;tiene mucho margen de mejora&#8221;<\/strong>, al comentar el momento de dificultad que est\u00e1 pasando el n\u00famero 10 del conjunto turin\u00e9s.<\/p>\n<p style=\"text-align: center;\"><a href=\"https:\/\/www.futboltotal.com.mx\/futbol-mexicano\/liga-mx\/12-equipos-liga-mx-los-valiosos-america\/2017\/12\">VER M\u00c1S: 12 equipos Liga MX entre los m\u00e1s valiosos de Am\u00e9rica<\/a><\/p>\n<p>&#8220;Paulo tiene que hacer su trayectoria y no debe ser comparado con nadie, porque tiene su propia calidad. Es un jugador extraordinario, basta con verle jugar y se ve que es distinto&#8221;, sostuvo.<\/p>\n<p>&#8220;Afortunadamente Paulo es inteligente y entendi\u00f3&#8221; que esas comparaciones no estaban justificadas, agreg\u00f3 Allegri, recordando adem\u00e1s que en la liga italiana los futbolistas suelen llegar a su m\u00e1xima maduraci\u00f3n <strong>&#8220;despu\u00e9s de los 25 o 26 a\u00f1os&#8221;<\/strong>.<\/p>\n<p>Tras empezar la temporada con 11 goles en las primeras 10 jornadas,\u00a0<span class=\"classCadenaBusqueda\">Dybala<\/span>\u00a0solo consigui\u00f3 marcar un tanto en 7 partidos disputados y su baj\u00f3n de forma culmin\u00f3 en las \u00faltimas tres suplencias ligueras, contra el <strong>Inter, el Bolonia y el Roma<\/strong>.<\/p>\n<p>El duelo de ma\u00f1ana en el campo del <strong>Hellas Verona<\/strong>, pen\u00faltimo clasificado, podr\u00eda ser una ocasi\u00f3n para volver a ver a la &#8220;Joya&#8221; salir de titular, seg\u00fan admiti\u00f3 el mismo Allegri.<\/p>\n<p>&#8220;<span class=\"classCadenaBusqueda\">Dybala<\/span>\u00a0est\u00e1 sereno, hizo una buena semana de entrenamiento y ma\u00f1ana podr\u00eda salir desde el primer minuto&#8221;, afirm\u00f3 el t\u00e9cnico, para explicar despu\u00e9s que el argentino podr\u00eda jugar al lado de su compatriota <strong>Gonzalo Higua\u00edn<\/strong> y del croata <strong>Mario Mandzukic<\/strong>.<\/p>\n<p style=\"text-align: center;\"><a href=\"https:\/\/www.futboltotal.com.mx\/futbol-mexicano\/liga-mx\/besiktas-desea-robarle-a-tigres-uanl-a-andre-pierre-gignac\/2017\/12\">VER M\u00c1S: El Besiktas desea robarle a Tigres a Andr\u00e9-Pierre Gignac<\/a><\/p>\n<p>Con informaci\u00f3n de EFE<\/p>\n","protected":false},"excerpt":{"rendered":"<p>El jugador de 24 a\u00f1os ha tenido un baj\u00f3n en las \u00faltimas semanas con la Juventus<\/p>\n","protected":false},"author":159,"featured_media":513222,"comment_status":"closed","ping_status":"closed","sticky":false,"template":"","format":"standard","meta":[],"categories":[3839,3848],"tags":[6013,5999,6012,6669],"_links":{"self":[{"href":"http:\/\/desarrollo.grupomedios.com\/futbol\/wp-json\/wp\/v2\/posts\/513221"}],"collection":[{"href":"http:\/\/desarrollo.grupomedios.com\/futbol\/wp-json\/wp\/v2\/posts"}],"about":[{"href":"http:\/\/desarrollo.grupomedios.com\/futbol\/wp-json\/wp\/v2\/types\/post"}],"author":[{"embeddable":true,"href":"http:\/\/desarrollo.grupomedios.com\/futbol\/wp-json\/wp\/v2\/users\/159"}],"replies":[{"embeddable":true,"href":"http:\/\/desarrollo.grupomedios.com\/futbol\/wp-json\/wp\/v2\/comments?post=513221"}],"version-history":[{"count":1,"href":"http:\/\/desarrollo.grupomedios.com\/futbol\/wp-json\/wp\/v2\/posts\/513221\/revisions"}],"predecessor-version":[{"id":513223,"href":"http:\/\/desarrollo.grupomedios.com\/futbol\/wp-json\/wp\/v2\/posts\/513221\/revisions\/513223"}],"wp:featuredmedia":[{"embeddable":true,"href":"http:\/\/desarrollo.grupomedios.com\/futbol\/wp-json\/wp\/v2\/media\/513222"}],"wp:attachment":[{"href":"http:\/\/desarrollo.grupomedios.com\/futbol\/wp-json\/wp\/v2\/media?parent=513221"}],"wp:term":[{"taxonomy":"category","embeddable":true,"href":"http:\/\/desarrollo.grupomedios.com\/futbol\/wp-json\/wp\/v2\/categories?post=513221"},{"taxonomy":"post_tag","embeddable":true,"href":"http:\/\/desarrollo.grupomedios.com\/futbol\/wp-json\/wp\/v2\/tags?post=513221"}],"curies":[{"name":"wp","href":"https:\/\/api.w.org\/{rel}","templated":true}]}}