{"id":513237,"date":"2017-12-29T12:34:06","date_gmt":"2017-12-29T18:34:06","guid":{"rendered":"https:\/\/www.futboltotal.com.mx\/?p=513237"},"modified":"2017-12-29T12:34:06","modified_gmt":"2017-12-29T18:34:06","slug":"river-plate-quiere-llevarse-a-felipe-mora-cruz-azul","status":"publish","type":"post","link":"http:\/\/desarrollo.grupomedios.com\/futbol\/futbol-mexicano\/river-plate-quiere-llevarse-a-felipe-mora-cruz-azul\/2017\/12","title":{"rendered":"River Plate quiere llevarse a Felipe Mora de Cruz Azul"},"content":{"rendered":"<p>El cuadro de <a href=\"https:\/\/www.futboltotal.com.mx\/futbol-mexicano\/liga-mx\/cruz-azul-cerca-fichar-a-ecuatoriano-carlos-feraud\/2017\/12\" target=\"_blank\" rel=\"noopener\"><strong>Cruz Azul<\/strong><\/a> podr\u00eda quedarse sin una de sus mejores piezas del semestre pasado para el <strong>Clausura 2018<\/strong> pues <strong>Felipe Mora<\/strong> est\u00e1 siendo seguido muy de cerca por <strong>River Plate<\/strong> y se especula que presentar\u00e1n una oferta formal por el jugador para hacerse con sus servicios, al momento los cementeros no tienen ninguna intenci\u00f3n de dejarlo ir.<\/p>\n<p style=\"text-align: center;\"><a href=\"https:\/\/www.futboltotal.com.mx\/futbol-mexicano\/liga-mx\/rayados-monterrey-desea-al-delantero-edin-dzeko\/2017\/12\">VER M\u00c1S: Rayados de Monterrey desea al delantero Edin Dzeko<\/a><\/p>\n<p>El ex de la U de Chile es un anhelo del estratega\u00a0<strong>Marcelo Gallardo<\/strong> desde hace varios a\u00f1os y ante las complicaciones que ha encontrado para fichar a\u00a0<a href=\"https:\/\/www.futboltotal.com.mx\/futbol-mexicano\/liga-mx\/motivo-lucas-pratto-desaira-al-america\/2017\/12\" target=\"_blank\" rel=\"noopener\"><strong>Lucas Pratto<\/strong><\/a>, el andino de Cruz Azul ser\u00eda su siguiente opci\u00f3n, luego que se enterara que la <strong>AFA<\/strong>\u00a0aument\u00f3 el cupo de extranjeros y podr\u00e1 contar con 6 internacionales en el plantel.<\/p>\n<p><strong>Felipe Mora<\/strong> ha logrado<strong>\u00a010 goles<\/strong> en 22 encuentros con <strong>La M\u00e1quina<\/strong> y los <strong>Millonarios<\/strong> intentar\u00e1n llegar a un acuerdo por el punta de 24 a\u00f1os, aunque parece complicado por el buen contrato que tiene en M\u00e9xico, lo que har\u00eda m\u00e1s dif\u00edcil la transacci\u00f3n entre ambas instituciones, sin embargo el cuadro argentino har\u00e1 una oferta por el atacante.<\/p>\n<p style=\"text-align: center;\"><a href=\"https:\/\/www.futboltotal.com.mx\/futbol-mexicano\/liga-mx\/besiktas-desea-robarle-a-tigres-uanl-a-andre-pierre-gignac\/2017\/12\">VER M\u00c1S: El Besiktas desea robarle a Tigres a Andr\u00e9-Pierre Gignac<\/a><\/p>\n<p>Con informaci\u00f3n de BioBio Chile y ADN Chile<\/p>\n","protected":false},"excerpt":{"rendered":"<p>El delantero de 24 a\u00f1os apenas tiene 6 meses en la Liga MX<\/p>\n","protected":false},"author":159,"featured_media":513239,"comment_status":"closed","ping_status":"closed","sticky":false,"template":"","format":"standard","meta":[],"categories":[2198,3845],"tags":[5962,8835,64,164],"_links":{"self":[{"href":"http:\/\/desarrollo.grupomedios.com\/futbol\/wp-json\/wp\/v2\/posts\/513237"}],"collection":[{"href":"http:\/\/desarrollo.grupomedios.com\/futbol\/wp-json\/wp\/v2\/posts"}],"about":[{"href":"http:\/\/desarrollo.grupomedios.com\/futbol\/wp-json\/wp\/v2\/types\/post"}],"author":[{"embeddable":true,"href":"http:\/\/desarrollo.grupomedios.com\/futbol\/wp-json\/wp\/v2\/users\/159"}],"replies":[{"embeddable":true,"href":"http:\/\/desarrollo.grupomedios.com\/futbol\/wp-json\/wp\/v2\/comments?post=513237"}],"version-history":[{"count":1,"href":"http:\/\/desarrollo.grupomedios.com\/futbol\/wp-json\/wp\/v2\/posts\/513237\/revisions"}],"predecessor-version":[{"id":513240,"href":"http:\/\/desarrollo.grupomedios.com\/futbol\/wp-json\/wp\/v2\/posts\/513237\/revisions\/513240"}],"wp:featuredmedia":[{"embeddable":true,"href":"http:\/\/desarrollo.grupomedios.com\/futbol\/wp-json\/wp\/v2\/media\/513239"}],"wp:attachment":[{"href":"http:\/\/desarrollo.grupomedios.com\/futbol\/wp-json\/wp\/v2\/media?parent=513237"}],"wp:term":[{"taxonomy":"category","embeddable":true,"href":"http:\/\/desarrollo.grupomedios.com\/futbol\/wp-json\/wp\/v2\/categories?post=513237"},{"taxonomy":"post_tag","embeddable":true,"href":"http:\/\/desarrollo.grupomedios.com\/futbol\/wp-json\/wp\/v2\/tags?post=513237"}],"curies":[{"name":"wp","href":"https:\/\/api.w.org\/{rel}","templated":true}]}}