{"id":513282,"date":"2017-12-30T11:14:06","date_gmt":"2017-12-30T17:14:06","guid":{"rendered":"https:\/\/www.futboltotal.com.mx\/?p=513282"},"modified":"2017-12-30T11:15:28","modified_gmt":"2017-12-30T17:15:28","slug":"america-pondria-8-millones-de-dolares-por-nicolas-blandi","status":"publish","type":"post","link":"http:\/\/desarrollo.grupomedios.com\/futbol\/futbol-mexicano\/america-pondria-8-millones-de-dolares-por-nicolas-blandi\/2017\/12","title":{"rendered":"Am\u00e9rica pondr\u00eda 8 millones de d\u00f3lares por Nicol\u00e1s Blandi"},"content":{"rendered":"<p>El cuadro de las <strong>\u00c1guilas del Am\u00e9rica<\/strong> siguen en busca de refuerzos y la delantera es la posici\u00f3n en la que m\u00e1s est\u00e1n sondeando futbolistas, ya se ha mencionado que buscan a<a href=\"https:\/\/www.futboltotal.com.mx\/futbol-mexicano\/liga-mx\/america-se-fija-en-brasileno-henrique-dourado\/2017\/12\" target=\"_blank\" rel=\"noopener\"> <strong>Henrique Dourado<\/strong><\/a> de Brasil y al franc\u00e9s\u00a0<a href=\"https:\/\/www.futboltotal.com.mx\/futbol-mexicano\/liga-mx\/jeremy-menez-estaria-forzando-llegada-al-america\/2017\/12\" target=\"_blank\" rel=\"noopener\"><strong>J\u00e9r\u00e9my M\u00e9nez<\/strong><\/a>; aunque ya se hab\u00eda mencionado a <strong>Nicol\u00e1s Blandi<\/strong> de San Lorenzo, ahora se habr\u00eda convertido en algo m\u00e1s latente pues ya hay una cifra de por medio.<\/p>\n<p style=\"text-align: center;\"><a href=\"https:\/\/www.futboltotal.com.mx\/liga-de-portugal\/ponen-a-raul-jimenez-en-la-mira-del-besiktas\/2017\/12\" target=\"_blank\" rel=\"noopener\">VER M\u00c1S: Ra\u00fal Jim\u00e9nez est\u00e1 en la \u00f3rbita del Besiktas<\/a><\/p>\n<p>Desde Argentina mencionan que los azulcremas est\u00e1n dispuestos a poner sobre la mesa <strong>7 u 8 millones de d\u00f3lares<\/strong> para hacerse con el futbolista, aunque su cl\u00e1usula es m\u00e1s alta, la directiva de las \u00c1guilas est\u00e1n convencidas que podr\u00e1n llegar a una negociaci\u00f3n para bajar el precio del delantero de<strong> 27 a\u00f1os<\/strong>.<\/p>\n<p>Por otro lado, el equipo de Coapa debe resolver el tema de los extranjeros, pues esperar\u00edan desprenderse de <strong>Darwin Quintero<\/strong> o <strong>Silvio Romero<\/strong> para tener el cupo reducido y poder poner a jugar a todos sus futbolistas for\u00e1neos. Sin duda uno de sus deseos es encontrar a la dupla id\u00f3nea para <strong>Oribe Peralta<\/strong>, pero el tiempo apremia pues el<strong> Clausura 2018<\/strong> est\u00e1 a la vuelta de la esquina.<\/p>\n<p style=\"text-align: center;\"><a href=\"https:\/\/www.futboltotal.com.mx\/futbol-internacional\/top-ten-equipos-valioso-europa\/2017\/12\" target=\"_blank\" rel=\"noopener\">VER M\u00c1S: Top Ten de equipos m\u00e1s valiosos de Europa<\/a><\/p>\n<p>Con informaci\u00f3n de Diario Ol\u00e9<\/p>\n","protected":false},"excerpt":{"rendered":"<p>Los azulcremas desean amarrar a un delantero en cuanto antes <\/p>\n","protected":false},"author":159,"featured_media":512276,"comment_status":"closed","ping_status":"closed","sticky":false,"template":"","format":"standard","meta":[],"categories":[2198,3845],"tags":[5959,9028,64,9013,330],"_links":{"self":[{"href":"http:\/\/desarrollo.grupomedios.com\/futbol\/wp-json\/wp\/v2\/posts\/513282"}],"collection":[{"href":"http:\/\/desarrollo.grupomedios.com\/futbol\/wp-json\/wp\/v2\/posts"}],"about":[{"href":"http:\/\/desarrollo.grupomedios.com\/futbol\/wp-json\/wp\/v2\/types\/post"}],"author":[{"embeddable":true,"href":"http:\/\/desarrollo.grupomedios.com\/futbol\/wp-json\/wp\/v2\/users\/159"}],"replies":[{"embeddable":true,"href":"http:\/\/desarrollo.grupomedios.com\/futbol\/wp-json\/wp\/v2\/comments?post=513282"}],"version-history":[{"count":2,"href":"http:\/\/desarrollo.grupomedios.com\/futbol\/wp-json\/wp\/v2\/posts\/513282\/revisions"}],"predecessor-version":[{"id":513284,"href":"http:\/\/desarrollo.grupomedios.com\/futbol\/wp-json\/wp\/v2\/posts\/513282\/revisions\/513284"}],"wp:featuredmedia":[{"embeddable":true,"href":"http:\/\/desarrollo.grupomedios.com\/futbol\/wp-json\/wp\/v2\/media\/512276"}],"wp:attachment":[{"href":"http:\/\/desarrollo.grupomedios.com\/futbol\/wp-json\/wp\/v2\/media?parent=513282"}],"wp:term":[{"taxonomy":"category","embeddable":true,"href":"http:\/\/desarrollo.grupomedios.com\/futbol\/wp-json\/wp\/v2\/categories?post=513282"},{"taxonomy":"post_tag","embeddable":true,"href":"http:\/\/desarrollo.grupomedios.com\/futbol\/wp-json\/wp\/v2\/tags?post=513282"}],"curies":[{"name":"wp","href":"https:\/\/api.w.org\/{rel}","templated":true}]}}