{"id":513285,"date":"2017-12-30T11:36:47","date_gmt":"2017-12-30T17:36:47","guid":{"rendered":"https:\/\/www.futboltotal.com.mx\/?p=513285"},"modified":"2017-12-30T11:36:47","modified_gmt":"2017-12-30T17:36:47","slug":"independiente-se-suma-a-la-lucha-silvio-romero","status":"publish","type":"post","link":"http:\/\/desarrollo.grupomedios.com\/futbol\/futbol-mexicano\/independiente-se-suma-a-la-lucha-silvio-romero\/2017\/12","title":{"rendered":"Independiente se suma a la lucha por Silvio Romero"},"content":{"rendered":"<p><strong>Silvio Romero<\/strong> parece tener las horas contadas con el equipo de las<strong> \u00c1guilas del Am\u00e9rica<\/strong> en la <a href=\"https:\/\/www.futboltotal.com.mx\/futbol-mexicano\/liga-mx\/nos-dejo-futbol-mexicano-este-2017\/2017\/12\" target=\"_blank\" rel=\"noopener\"><strong>Liga MX<\/strong><\/a>, pues primero fue el inter\u00e9s de<strong> River Plate<\/strong> el que apareci\u00f3, sin embargo se ha comenzado a desvanecer por la posible contrataci\u00f3n de <strong>Lucas Pratto<\/strong>, quien rechaz\u00f3 a los de Coapa, pero ahora tiene un nuevo escaparate ah\u00ed mismo en Argentina.<\/p>\n<p style=\"text-align: center;\"><a href=\"https:\/\/www.futboltotal.com.mx\/liga-de-portugal\/ponen-a-raul-jimenez-en-la-mira-del-besiktas\/2017\/12\" target=\"_blank\" rel=\"noopener\">VER M\u00c1S: Ra\u00fal Jim\u00e9nez est\u00e1 en la \u00f3rbita del Besiktas<\/a><\/p>\n<p>El Independiente de Avellaneda, actual campe\u00f3n de la<strong> Copa Sudamericana<\/strong>, tiene en la mira al &#8216;Chino&#8217; y supuestamente el estratega <strong>Ariel Holan<\/strong> lo habr\u00eda pedido como refuerzo de cara a la siguiente temporada, pues tienen en puerta tres competencias; <strong>Superliga Argentina de F\u00fatbol, Copa Argentina y Copa Libertadores<\/strong>.<\/p>\n<p>Mientras tanto, los rumores que han colocado a varios delanteros en Am\u00e9rica, como es el caso de <a href=\"https:\/\/www.futboltotal.com.mx\/futbol-mexicano\/liga-mx\/america-se-fija-en-brasileno-henrique-dourado\/2017\/12\" target=\"_blank\" rel=\"noopener\"><strong>Henrique Dourado<\/strong><\/a> y<a href=\"https:\/\/www.futboltotal.com.mx\/futbol-mexicano\/liga-mx\/america-pondria-8-millones-de-dolares-por-nicolas-blandi\/2017\/12\" target=\"_blank\" rel=\"noopener\"><strong> Nicol\u00e1s Blandi<\/strong><\/a>, hacen pensar que el cuadro de Coapa ya no desea contar con los servicios del delantero luego que fuera criticado por sus \u00faltimas actuaciones en el <strong>Apertura 2017<\/strong>.<\/p>\n<p style=\"text-align: center;\"><a href=\"https:\/\/www.futboltotal.com.mx\/futbol-internacional\/top-ten-equipos-valioso-europa\/2017\/12\" target=\"_blank\" rel=\"noopener\">VER M\u00c1S: Top Ten de equipos m\u00e1s valiosos de Europa<\/a><\/p>\n<p>Con informaci\u00f3n de Fox Sports Argentina y TyC Sports<\/p>\n","protected":false},"excerpt":{"rendered":"<p>El cuadro mexicano estar\u00eda buscando acomodar al delantero en un equipo de Argentina<\/p>\n","protected":false},"author":159,"featured_media":513286,"comment_status":"closed","ping_status":"closed","sticky":false,"template":"","format":"standard","meta":[],"categories":[2198,3845],"tags":[5959,9166,64,6803],"_links":{"self":[{"href":"http:\/\/desarrollo.grupomedios.com\/futbol\/wp-json\/wp\/v2\/posts\/513285"}],"collection":[{"href":"http:\/\/desarrollo.grupomedios.com\/futbol\/wp-json\/wp\/v2\/posts"}],"about":[{"href":"http:\/\/desarrollo.grupomedios.com\/futbol\/wp-json\/wp\/v2\/types\/post"}],"author":[{"embeddable":true,"href":"http:\/\/desarrollo.grupomedios.com\/futbol\/wp-json\/wp\/v2\/users\/159"}],"replies":[{"embeddable":true,"href":"http:\/\/desarrollo.grupomedios.com\/futbol\/wp-json\/wp\/v2\/comments?post=513285"}],"version-history":[{"count":1,"href":"http:\/\/desarrollo.grupomedios.com\/futbol\/wp-json\/wp\/v2\/posts\/513285\/revisions"}],"predecessor-version":[{"id":513287,"href":"http:\/\/desarrollo.grupomedios.com\/futbol\/wp-json\/wp\/v2\/posts\/513285\/revisions\/513287"}],"wp:featuredmedia":[{"embeddable":true,"href":"http:\/\/desarrollo.grupomedios.com\/futbol\/wp-json\/wp\/v2\/media\/513286"}],"wp:attachment":[{"href":"http:\/\/desarrollo.grupomedios.com\/futbol\/wp-json\/wp\/v2\/media?parent=513285"}],"wp:term":[{"taxonomy":"category","embeddable":true,"href":"http:\/\/desarrollo.grupomedios.com\/futbol\/wp-json\/wp\/v2\/categories?post=513285"},{"taxonomy":"post_tag","embeddable":true,"href":"http:\/\/desarrollo.grupomedios.com\/futbol\/wp-json\/wp\/v2\/tags?post=513285"}],"curies":[{"name":"wp","href":"https:\/\/api.w.org\/{rel}","templated":true}]}}