{"id":513305,"date":"2017-12-30T16:17:56","date_gmt":"2017-12-30T22:17:56","guid":{"rendered":"https:\/\/www.futboltotal.com.mx\/?p=513305"},"modified":"2017-12-30T16:17:56","modified_gmt":"2017-12-30T22:17:56","slug":"sergio-ramos-pasa-sus-vacaciones-en-chichen-itza","status":"publish","type":"post","link":"http:\/\/desarrollo.grupomedios.com\/futbol\/cambio-de-juego\/sergio-ramos-pasa-sus-vacaciones-en-chichen-itza\/2017\/12","title":{"rendered":"Sergio Ramos pasa sus vacaciones en Chich\u00e9n Itz\u00e1"},"content":{"rendered":"<p><strong>Sergio Ramos<\/strong>, defensa central del Real Madrid, tuvo una merecidas vacaciones luego de un arduo trabajo con su equipo y junto a sus esposa\u00a0<strong>Pilar Rubio\u00a0<\/strong>y sus dos hijos, adem\u00e1s de otro que viene en camino, decidieron que uno de sus destinos para este invierno fuera\u00a0<strong>Yucat\u00e1n, M\u00e9xico.<\/strong><\/p>\n<p>A trav\u00e9s de su cuenta de Instagram, el defensa espa\u00f1ol subi\u00f3 un par de fotograf\u00edas en donde se le ve muy contento en\u00a0el\u00a0<strong>Templo de Kukulk\u00e1n de Chich\u00e9n Itz\u00e1,\u00a0<\/strong>el cual tiene el reconocimiento como una de las siete maravillas del mundo.<\/p>\n<p style=\"text-align: center;\"><a href=\"https:\/\/www.futboltotal.com.mx\/futbol-mexicano\/liga-mx\/america-se-fija-en-brasileno-henrique-dourado\/2017\/12\" target=\"_blank\" rel=\"noopener\">VER M\u00c1S: Am\u00e9rica tiene en la mira al brasile\u00f1o Henrique Dourado<\/a><\/p>\n<p>&#8220;Chich\u00e9n Itz\u00e1, una de las 7 maravillas del mundo.\u00a0<strong>\u00a1Impresionante!<\/strong>\u00a0\u00a1Ya nos queda\u00a0<strong>otra menos por conocer<\/strong>&#8220;, indic\u00f3 el zaguero merengue a trav\u00e9s de su red social.<\/p>\n<div id=\"attachment_513306\" style=\"width: 606px\" class=\"wp-caption aligncenter\"><img aria-describedby=\"caption-attachment-513306\" decoding=\"async\" loading=\"lazy\" class=\"size-full wp-image-513306\" src=\"https:\/\/www.futboltotal.com.mx\/wp-content\/uploads\/2017\/12\/sergio-ramos-vacaciones-1.jpg\" alt=\"El defensa del Real Madrid estuvo en Yuacat\u00e1n, M\u00e9xico\" srcset=\"http:\/\/desarrollo.grupomedios.com\/futbol\/wp-content\/uploads\/2017\/12\/sergio-ramos-vacaciones-1.jpg 596w, http:\/\/desarrollo.grupomedios.com\/futbol\/wp-content\/uploads\/2017\/12\/sergio-ramos-vacaciones-1-150x150.jpg 150w, http:\/\/desarrollo.grupomedios.com\/futbol\/wp-content\/uploads\/2017\/12\/sergio-ramos-vacaciones-1-300x298.jpg 300w\" sizes=\"(max-width: 596px) 100vw, 596px\" \/><p id=\"caption-attachment-513306\" class=\"wp-caption-text\">Sergio Ramos visit\u00f3 Chichen Itz\u00e1 en sus vacaciones de invierno<\/p><\/div>\n<p style=\"text-align: center;\"><a href=\"https:\/\/www.futboltotal.com.mx\/futbol-mexicano\/liga-mx\/quien-es-walter-montoya-nuevo-fichaje-cruz-azul\/2017\/12\" target=\"_blank\" rel=\"noopener\">VER M\u00c1S: Qui\u00e9n es Walter Montoya, nuevo fichaje de Cruz Azul<\/a><\/p>\n","protected":false},"excerpt":{"rendered":"<p>El zaguero merengue decidi\u00f3 conocer Yucat\u00e1n, M\u00e9xico para estas vacaciones decembrinas<\/p>\n","protected":false},"author":159,"featured_media":513307,"comment_status":"closed","ping_status":"closed","sticky":false,"template":"","format":"standard","meta":[],"categories":[5419],"tags":[11481,65,5988,6020,11482],"_links":{"self":[{"href":"http:\/\/desarrollo.grupomedios.com\/futbol\/wp-json\/wp\/v2\/posts\/513305"}],"collection":[{"href":"http:\/\/desarrollo.grupomedios.com\/futbol\/wp-json\/wp\/v2\/posts"}],"about":[{"href":"http:\/\/desarrollo.grupomedios.com\/futbol\/wp-json\/wp\/v2\/types\/post"}],"author":[{"embeddable":true,"href":"http:\/\/desarrollo.grupomedios.com\/futbol\/wp-json\/wp\/v2\/users\/159"}],"replies":[{"embeddable":true,"href":"http:\/\/desarrollo.grupomedios.com\/futbol\/wp-json\/wp\/v2\/comments?post=513305"}],"version-history":[{"count":1,"href":"http:\/\/desarrollo.grupomedios.com\/futbol\/wp-json\/wp\/v2\/posts\/513305\/revisions"}],"predecessor-version":[{"id":513308,"href":"http:\/\/desarrollo.grupomedios.com\/futbol\/wp-json\/wp\/v2\/posts\/513305\/revisions\/513308"}],"wp:featuredmedia":[{"embeddable":true,"href":"http:\/\/desarrollo.grupomedios.com\/futbol\/wp-json\/wp\/v2\/media\/513307"}],"wp:attachment":[{"href":"http:\/\/desarrollo.grupomedios.com\/futbol\/wp-json\/wp\/v2\/media?parent=513305"}],"wp:term":[{"taxonomy":"category","embeddable":true,"href":"http:\/\/desarrollo.grupomedios.com\/futbol\/wp-json\/wp\/v2\/categories?post=513305"},{"taxonomy":"post_tag","embeddable":true,"href":"http:\/\/desarrollo.grupomedios.com\/futbol\/wp-json\/wp\/v2\/tags?post=513305"}],"curies":[{"name":"wp","href":"https:\/\/api.w.org\/{rel}","templated":true}]}}