{"id":513324,"date":"2017-12-31T10:08:07","date_gmt":"2017-12-31T16:08:07","guid":{"rendered":"https:\/\/www.futboltotal.com.mx\/?p=513324"},"modified":"2017-12-31T10:08:49","modified_gmt":"2017-12-31T16:08:49","slug":"porto-le-niega-la-salida-a-miguel-layun","status":"publish","type":"post","link":"http:\/\/desarrollo.grupomedios.com\/futbol\/destacado-home\/porto-le-niega-la-salida-a-miguel-layun\/2017\/12","title":{"rendered":"Porto le niega la salida a Miguel Lay\u00fan"},"content":{"rendered":"<p>El calvario para el lateral de la <strong>Selecci\u00f3n Mexicana, <a href=\"https:\/\/www.futboltotal.com.mx\/futbol-internacional\/liga-de-espana\/miguel-layun-espera-ok-del-porto-ir-al-deportivo-alaves\/2017\/12\" target=\"_blank\" rel=\"noopener\">Miguel Lay\u00fan<\/a><\/strong> no parece ver el final en el t\u00fanel, pues a pesar que ha buscado su salida del <strong><a href=\"https:\/\/www.futboltotal.com.mx\/liga-de-portugal\/diego-reyes-anota-en-triunfo-del-porto\/2017\/12\" target=\"_blank\" rel=\"noopener\">Porto<\/a><\/strong> en busca de minutos previo a la<strong> Copa del Mundo de Rusia 2018<\/strong>, no ha logrado concretar su salida, pues los portugueses se niegan a dejarle ir a pesar que no juega habitualmente.<\/p>\n<p style=\"text-align: center;\"><a href=\"https:\/\/www.futboltotal.com.mx\/liga-de-portugal\/ponen-a-raul-jimenez-en-la-mira-del-besiktas\/2017\/12\" target=\"_blank\" rel=\"noopener\">VER M\u00c1S: Ponen a Ra\u00fal Jim\u00e9nez en la mira del Besiktas<\/a><\/p>\n<p>El equipo de\u00a0\u00a0<strong>Sergio Concei\u00e7ao\u00a0<\/strong>no tiene ninguna intenci\u00f3n de dejar salir al ex americanista para este mercado de invierno; los Dragones no han dado ninguna facilidad a pesar que existe el inter\u00e9s de los clubes espa\u00f1oles, <strong>Deportivo Alav\u00e9s y Celta de Vigo<\/strong> por hacerse con los servicios del mexicano.<\/p>\n<p>A pesar de ello el defensor azteca est\u00e1 haciendo todo lo posible por convencer a su equipo de dejarle marcharse pues sabe que su \u00faltimo avi\u00f3n a Rusia est\u00e1 en los pr\u00f3ximos seis meses dependiendo de la actividad que logre tener en Europa. En la actual temporada apenas tiene<strong> 193 minutos disputados<\/strong>.<\/p>\n<p style=\"text-align: center;\"><a href=\"https:\/\/www.futboltotal.com.mx\/futbol-mexicano\/liga-mx\/ulises-davila-de-promesa-en-chelsea-a-no-tener-equipo\/2017\/12\" target=\"_blank\" rel=\"noopener\">VER M\u00c1S: Ulises D\u00e1vila, de promesa en Chelsea a no tener equipo<\/a><\/p>\n<p>Con informaci\u00f3n de O Jogo<\/p>\n<p>&nbsp;<\/p>\n","protected":false},"excerpt":{"rendered":"<p>Los Dragones no desean dejarlo marcharse en este mercado de invierno a Espa\u00f1a<\/p>\n","protected":false},"author":159,"featured_media":513325,"comment_status":"closed","ping_status":"closed","sticky":false,"template":"","format":"standard","meta":[],"categories":[5,3839,7709],"tags":[2407,10031,1035,1208],"_links":{"self":[{"href":"http:\/\/desarrollo.grupomedios.com\/futbol\/wp-json\/wp\/v2\/posts\/513324"}],"collection":[{"href":"http:\/\/desarrollo.grupomedios.com\/futbol\/wp-json\/wp\/v2\/posts"}],"about":[{"href":"http:\/\/desarrollo.grupomedios.com\/futbol\/wp-json\/wp\/v2\/types\/post"}],"author":[{"embeddable":true,"href":"http:\/\/desarrollo.grupomedios.com\/futbol\/wp-json\/wp\/v2\/users\/159"}],"replies":[{"embeddable":true,"href":"http:\/\/desarrollo.grupomedios.com\/futbol\/wp-json\/wp\/v2\/comments?post=513324"}],"version-history":[{"count":2,"href":"http:\/\/desarrollo.grupomedios.com\/futbol\/wp-json\/wp\/v2\/posts\/513324\/revisions"}],"predecessor-version":[{"id":513327,"href":"http:\/\/desarrollo.grupomedios.com\/futbol\/wp-json\/wp\/v2\/posts\/513324\/revisions\/513327"}],"wp:featuredmedia":[{"embeddable":true,"href":"http:\/\/desarrollo.grupomedios.com\/futbol\/wp-json\/wp\/v2\/media\/513325"}],"wp:attachment":[{"href":"http:\/\/desarrollo.grupomedios.com\/futbol\/wp-json\/wp\/v2\/media?parent=513324"}],"wp:term":[{"taxonomy":"category","embeddable":true,"href":"http:\/\/desarrollo.grupomedios.com\/futbol\/wp-json\/wp\/v2\/categories?post=513324"},{"taxonomy":"post_tag","embeddable":true,"href":"http:\/\/desarrollo.grupomedios.com\/futbol\/wp-json\/wp\/v2\/tags?post=513324"}],"curies":[{"name":"wp","href":"https:\/\/api.w.org\/{rel}","templated":true}]}}