{"id":513335,"date":"2017-12-31T11:57:28","date_gmt":"2017-12-31T17:57:28","guid":{"rendered":"https:\/\/www.futboltotal.com.mx\/?p=513335"},"modified":"2017-12-31T11:57:28","modified_gmt":"2017-12-31T17:57:28","slug":"chicharito-envia-claro-mensaje-a-david-moyes","status":"publish","type":"post","link":"http:\/\/desarrollo.grupomedios.com\/futbol\/futbol-internacional\/chicharito-envia-claro-mensaje-a-david-moyes\/2017\/12","title":{"rendered":"Chicharito env\u00eda claro mensaje a David Moyes"},"content":{"rendered":"<p>Con la llegada del estratega escoc\u00e9s <strong>David Moyes<\/strong> al banquillo del <strong>West Ham United<\/strong>, el delantero mexicano <a href=\"https:\/\/www.futboltotal.com.mx\/futbol-internacional\/liga-de-inglaterra\/javier-chicharito-hernandez-mejor-salario-harry-kane\/2017\/12\" target=\"_blank\" rel=\"noopener\"><strong>Javier &#8216;Chicharito&#8217; Hern\u00e1ndez<\/strong><\/a> perdi\u00f3 protagonismo dentro del equipo y comenz\u00f3 a dejar de ser tomado en cuenta en el once titular con los Hammers, por lo que el atacante azteca ha mandado hoy un claro mensaje para su DT.<\/p>\n<p>&#8220;Si le preguntas a todos los futbolistas del mundo, te dir\u00e1n que no les gusta estar en la banca y eso es algo normal.\u00a0<strong>Todos quieren jugar y estoy intentando demostrar que quiero tener m\u00e1s minutos\u00a0<\/strong>, con m\u00e1s comienzos y despu\u00e9s veremos lo que pasa en la cancha&#8221;, dijo\u00a0Javier Hern\u00e1ndez para el portal del club.<\/p>\n<p style=\"text-align: center;\"><a href=\"https:\/\/www.futboltotal.com.mx\/liga-de-portugal\/porto-le-niega-la-salida-a-miguel-layun\/2017\/12\" target=\"_blank\" rel=\"noopener\">VER M\u00c1S: Porto le niega la salida a Miguel Lay\u00fan<\/a><\/p>\n<p>Adem\u00e1s agreg\u00f3 que su compromiso para la causa del cuadro londinense contin\u00faa intacto, pues seguir\u00e1 luchando hasta el final por el equipo; &#8220;s<strong>iempre dar\u00e9 todo por el equipo cuando sea que est\u00e9 en el campo.<\/strong>Amo el futbol y quiero ser lo m\u00e1s profesional que pueda, dentro y fuera de la cancha, ya sea si me dan un minuto o 90 e intentar\u00e9 dar lo mejor de m\u00ed&#8221;, expres\u00f3.<\/p>\n<p>Desde la llegada de Moyes al banquillo, el delantero mexicano solo ha visto acci\u00f3n en 124 minutos durante cinco partidos; el pr\u00f3ximo martes se enfrentar\u00e1n ante el\u00a0West Bromwich, por la fecha 22 de la Premier League, veremos si el mexicano logra llenarle el ojo y lo deja jugar desde el comienzo.<\/p>\n<p style=\"text-align: center;\"><a href=\"https:\/\/www.futboltotal.com.mx\/futbol-mexicano\/liga-mx\/toluca-sondea-a-fabian-sambueza-hermano-rubens\/2017\/12\" target=\"_blank\" rel=\"noopener\">VER M\u00c1S: Toluca sondea a Fab\u00edan Sambueza, hermano de Rubens<\/a><\/p>\n<p>&nbsp;<\/p>\n","protected":false},"excerpt":{"rendered":"<p>El mexicano desea m\u00e1s minutos en el terreno de juego<\/p>\n","protected":false},"author":159,"featured_media":513336,"comment_status":"closed","ping_status":"closed","sticky":false,"template":"","format":"standard","meta":[],"categories":[3839,3846],"tags":[120,5985,4037,334,3901],"_links":{"self":[{"href":"http:\/\/desarrollo.grupomedios.com\/futbol\/wp-json\/wp\/v2\/posts\/513335"}],"collection":[{"href":"http:\/\/desarrollo.grupomedios.com\/futbol\/wp-json\/wp\/v2\/posts"}],"about":[{"href":"http:\/\/desarrollo.grupomedios.com\/futbol\/wp-json\/wp\/v2\/types\/post"}],"author":[{"embeddable":true,"href":"http:\/\/desarrollo.grupomedios.com\/futbol\/wp-json\/wp\/v2\/users\/159"}],"replies":[{"embeddable":true,"href":"http:\/\/desarrollo.grupomedios.com\/futbol\/wp-json\/wp\/v2\/comments?post=513335"}],"version-history":[{"count":1,"href":"http:\/\/desarrollo.grupomedios.com\/futbol\/wp-json\/wp\/v2\/posts\/513335\/revisions"}],"predecessor-version":[{"id":513337,"href":"http:\/\/desarrollo.grupomedios.com\/futbol\/wp-json\/wp\/v2\/posts\/513335\/revisions\/513337"}],"wp:featuredmedia":[{"embeddable":true,"href":"http:\/\/desarrollo.grupomedios.com\/futbol\/wp-json\/wp\/v2\/media\/513336"}],"wp:attachment":[{"href":"http:\/\/desarrollo.grupomedios.com\/futbol\/wp-json\/wp\/v2\/media?parent=513335"}],"wp:term":[{"taxonomy":"category","embeddable":true,"href":"http:\/\/desarrollo.grupomedios.com\/futbol\/wp-json\/wp\/v2\/categories?post=513335"},{"taxonomy":"post_tag","embeddable":true,"href":"http:\/\/desarrollo.grupomedios.com\/futbol\/wp-json\/wp\/v2\/tags?post=513335"}],"curies":[{"name":"wp","href":"https:\/\/api.w.org\/{rel}","templated":true}]}}