{"id":513338,"date":"2017-12-31T12:22:03","date_gmt":"2017-12-31T18:22:03","guid":{"rendered":"https:\/\/www.futboltotal.com.mx\/?p=513338"},"modified":"2017-12-31T12:22:03","modified_gmt":"2017-12-31T18:22:03","slug":"kun-aguero-regresaria-a-independiente-en-2018","status":"publish","type":"post","link":"http:\/\/desarrollo.grupomedios.com\/futbol\/futbol-internacional\/kun-aguero-regresaria-a-independiente-en-2018\/2017\/12","title":{"rendered":"Kun Ag\u00fcero regresar\u00eda a Independiente en 2018"},"content":{"rendered":"<p>El delantero argentino, <strong>Sergio &#8216;Kun&#8217; Ag\u00fcero<\/strong> del <strong>Manchester City<\/strong> tendr\u00eda todo planeado para su vuelta al futbol argentino con el club que lo vio nacer como futbolista profesional, <a href=\"https:\/\/www.futboltotal.com.mx\/futbol-mexicano\/liga-mx\/independiente-se-suma-a-la-lucha-silvio-romero\/2017\/12\" target=\"_blank\" rel=\"noopener\"><strong>Independiente de Avellaneda<\/strong><\/a>, a pesar que hab\u00eda dicho que ten\u00eda la intenci\u00f3n de regresar una vez terminado su contrato con los ingleses en 2019 este hecho podr\u00eda adelantarse.<\/p>\n<p>En Inglaterra han dicho que dentro de seis meses el atacante de 29 a\u00f1os espera estar de vuelta en su pa\u00eds con Independiente, es decir una vez que culmine la <strong>Copa del Mundo de Rusia 2018<\/strong>, debido a dos cosas; la primera es que el puesto de centro delantero en el<strong> City<\/strong> cada vez va a ser m\u00e1s peleado y la segunda es que desea llegar en buen estado a Independiente para\u00a0 poder rendir al m\u00e1ximo con el <strong>Rojo<\/strong>.<\/p>\n<p style=\"text-align: center;\"><a href=\"https:\/\/www.futboltotal.com.mx\/liga-de-portugal\/porto-le-niega-la-salida-a-miguel-layun\/2017\/12\" target=\"_blank\" rel=\"noopener\">VER M\u00c1S: Porto le niega la salida a Miguel Lay\u00fan<\/a><\/p>\n<p>Lo cierto es que en el presente, Ag\u00fcero es el m\u00e1ximo goleador en el Manchester City, adem\u00e1s que <strong>Pep Guardiola<\/strong> lo tiene en cuenta como el delantero titular en los partidos decisivos de la presente temporada, por lo que no parece que haya distanciamiento o algo que indique su salida del club.<\/p>\n<p>Desde que se march\u00f3 de Argentina en 2006 para jugar con el<strong> Atl\u00e9tico de Madrid<\/strong> de Espa\u00f1a, el delantero argentino prometi\u00f3 volver alg\u00fan d\u00eda al equipo de sus amores, en julio de 2018 llegar\u00eda con <strong>30 a\u00f1os<\/strong> a Independiente y podr\u00eda ser un refuerzo de lujo en la segunda fase de <strong>Copa Libertadores<\/strong>.<\/p>\n<p style=\"text-align: center;\"><a href=\"https:\/\/www.futboltotal.com.mx\/futbol-mexicano\/liga-mx\/toluca-sondea-a-fabian-sambueza-hermano-rubens\/2017\/12\" target=\"_blank\" rel=\"noopener\">VER M\u00c1S: Toluca sondea a Fabi\u00e1n Sambueza, hermano de Rubens<\/a><\/p>\n<p>Con informaci\u00f3n de Daily Mirror y TyC Sports<br \/>\n&nbsp;<\/p>\n","protected":false},"excerpt":{"rendered":"<p>El delantero argentino dejar\u00eda al Manchester City despu\u00e9s de Rusia 2018<\/p>\n","protected":false},"author":159,"featured_media":513339,"comment_status":"closed","ping_status":"closed","sticky":false,"template":"","format":"standard","meta":[],"categories":[3839,3846],"tags":[169,152,5993,5992],"_links":{"self":[{"href":"http:\/\/desarrollo.grupomedios.com\/futbol\/wp-json\/wp\/v2\/posts\/513338"}],"collection":[{"href":"http:\/\/desarrollo.grupomedios.com\/futbol\/wp-json\/wp\/v2\/posts"}],"about":[{"href":"http:\/\/desarrollo.grupomedios.com\/futbol\/wp-json\/wp\/v2\/types\/post"}],"author":[{"embeddable":true,"href":"http:\/\/desarrollo.grupomedios.com\/futbol\/wp-json\/wp\/v2\/users\/159"}],"replies":[{"embeddable":true,"href":"http:\/\/desarrollo.grupomedios.com\/futbol\/wp-json\/wp\/v2\/comments?post=513338"}],"version-history":[{"count":1,"href":"http:\/\/desarrollo.grupomedios.com\/futbol\/wp-json\/wp\/v2\/posts\/513338\/revisions"}],"predecessor-version":[{"id":513340,"href":"http:\/\/desarrollo.grupomedios.com\/futbol\/wp-json\/wp\/v2\/posts\/513338\/revisions\/513340"}],"wp:featuredmedia":[{"embeddable":true,"href":"http:\/\/desarrollo.grupomedios.com\/futbol\/wp-json\/wp\/v2\/media\/513339"}],"wp:attachment":[{"href":"http:\/\/desarrollo.grupomedios.com\/futbol\/wp-json\/wp\/v2\/media?parent=513338"}],"wp:term":[{"taxonomy":"category","embeddable":true,"href":"http:\/\/desarrollo.grupomedios.com\/futbol\/wp-json\/wp\/v2\/categories?post=513338"},{"taxonomy":"post_tag","embeddable":true,"href":"http:\/\/desarrollo.grupomedios.com\/futbol\/wp-json\/wp\/v2\/tags?post=513338"}],"curies":[{"name":"wp","href":"https:\/\/api.w.org\/{rel}","templated":true}]}}