{"id":513341,"date":"2017-12-31T12:48:13","date_gmt":"2017-12-31T18:48:13","guid":{"rendered":"https:\/\/www.futboltotal.com.mx\/?p=513341"},"modified":"2017-12-31T12:48:13","modified_gmt":"2017-12-31T18:48:13","slug":"tecatito-corona-llega-a-100-juegos-porto","status":"publish","type":"post","link":"http:\/\/desarrollo.grupomedios.com\/futbol\/futbol-internacional\/tecatito-corona-llega-a-100-juegos-porto\/2017\/12","title":{"rendered":"Tecatito Corona llega a 100 juegos con el Porto"},"content":{"rendered":"<p>El atacante mexicano, <strong>Jes\u00fas &#8216;Tecatito&#8217; Corona<\/strong> cumpli\u00f3 su centenar de juegos vistiendo la camiseta del<a href=\"https:\/\/www.futboltotal.com.mx\/liga-de-portugal\/porto-le-niega-la-salida-a-miguel-layun\/2017\/12\" target=\"_blank\" rel=\"noopener\"><strong> Porto<\/strong><\/a>, luego de ingresar de cambio en el duelo que sostuvieron ante el <a href=\"https:\/\/www.futboltotal.com.mx\/liga-de-portugal\/diego-reyes-anota-en-triunfo-del-porto\/2017\/12\" target=\"_blank\" rel=\"noopener\"><strong>Pacos de Ferreira<\/strong><\/a> por la Copa de la Liga este s\u00e1bado y en el que su equipo logr\u00f3 el pase a semifinales.<\/p>\n<blockquote class=\"twitter-video\" data-lang=\"es\">\n<p dir=\"ltr\" lang=\"es\">&#x1f4fd; Jesus Corona 100 <a href=\"https:\/\/twitter.com\/hashtag\/FCPorto?src=hash&amp;ref_src=twsrc%5Etfw\">#FCPorto<\/a> <a href=\"https:\/\/twitter.com\/hashtag\/Corona?src=hash&amp;ref_src=twsrc%5Etfw\">#Corona<\/a> <a href=\"https:\/\/t.co\/WxTXkMizHd\">pic.twitter.com\/WxTXkMizHd<\/a><\/p>\n<p>\u2014 FC Porto (@FCPorto) <a href=\"https:\/\/twitter.com\/FCPorto\/status\/947507913362419712?ref_src=twsrc%5Etfw\">31 de diciembre de 2017<\/a><\/p><\/blockquote>\n<p><script async src=\"https:\/\/platform.twitter.com\/widgets.js\" charset=\"utf-8\"><\/script><\/p>\n<p style=\"text-align: center;\"><a href=\"https:\/\/www.futboltotal.com.mx\/futbol-mexicano\/liga-mx\/toluca-sondea-a-fabian-sambueza-hermano-rubens\/2017\/12\" target=\"_blank\" rel=\"noopener\">VER M\u00c1S: Toluca sondea a Fabi\u00e1n Sambueza, hermano de Rubens<\/a><\/p>\n<p>\u201c<strong>Es un orgullo alcanzar este n\u00famero de juegos con el Porto<\/strong>, una motivaci\u00f3n para continuar dar dando todo en los juegos que vienen\u201d, expres\u00f3 el futbolista ex de Rayados de Monterrey luego de la haza\u00f1a lograda con los Dragones.<\/p>\n<p>Durante su paso por el Porto el jugador mexicano ha logrado 15 goles y 14 asistencias; Corona lleg\u00f3 al Porto a mediados del 2015 procedente del<strong> FC Twente en la Eredivisie de Holanda<\/strong>. No ha tenido la suerte con \u00e9l, pues todav\u00eda no levanta ninguna copa con los portugueses.<\/p>\n<blockquote class=\"twitter-tweet\" data-lang=\"es\">\n<p dir=\"ltr\" lang=\"pt\">Jes\u00fas Corona efetuou ontem o 100.\u00ba jogo de Drag\u00e3o ao peito<\/p>\n<p>&#x1f399; &#8220;\u00c9 um orgulho alcan\u00e7ar este n\u00famero de jogos pelo FC Porto, e uma motiva\u00e7\u00e3o para continuar a dar tudo nos jogos que a\u00ed v\u00eam.&#8221;<a href=\"https:\/\/twitter.com\/hashtag\/FCPorto?src=hash&amp;ref_src=twsrc%5Etfw\">#FCPorto<\/a> <a href=\"https:\/\/twitter.com\/hashtag\/Corona?src=hash&amp;ref_src=twsrc%5Etfw\">#Corona<\/a> <a href=\"https:\/\/t.co\/7yM5nEpMMP\">pic.twitter.com\/7yM5nEpMMP<\/a><\/p>\n<p>\u2014 FC Porto (@FCPorto) <a href=\"https:\/\/twitter.com\/FCPorto\/status\/947504441284063232?ref_src=twsrc%5Etfw\">31 de diciembre de 2017<\/a><\/p><\/blockquote>\n<p><script async src=\"https:\/\/platform.twitter.com\/widgets.js\" charset=\"utf-8\"><\/script><\/p>\n<p style=\"text-align: center;\"><a href=\"https:\/\/www.futboltotal.com.mx\/futbol-mexicano\/liga-mx\/ulises-davila-de-promesa-en-chelsea-a-no-tener-equipo\/2017\/12\" target=\"_blank\" rel=\"noopener\">VER M\u00c1S: Ulises D\u00e1vila, de promesa en Chelsea a no tener equipo\u00a0<\/a><\/p>\n<p>&nbsp;<\/p>\n","protected":false},"excerpt":{"rendered":"<p>El mexicano lleg\u00f3 con los Dragones en 2015 procedente de Holanda<\/p>\n","protected":false},"author":159,"featured_media":513342,"comment_status":"closed","ping_status":"closed","sticky":false,"template":"","format":"standard","meta":[],"categories":[3839,7709],"tags":[3770,1208,9195],"_links":{"self":[{"href":"http:\/\/desarrollo.grupomedios.com\/futbol\/wp-json\/wp\/v2\/posts\/513341"}],"collection":[{"href":"http:\/\/desarrollo.grupomedios.com\/futbol\/wp-json\/wp\/v2\/posts"}],"about":[{"href":"http:\/\/desarrollo.grupomedios.com\/futbol\/wp-json\/wp\/v2\/types\/post"}],"author":[{"embeddable":true,"href":"http:\/\/desarrollo.grupomedios.com\/futbol\/wp-json\/wp\/v2\/users\/159"}],"replies":[{"embeddable":true,"href":"http:\/\/desarrollo.grupomedios.com\/futbol\/wp-json\/wp\/v2\/comments?post=513341"}],"version-history":[{"count":1,"href":"http:\/\/desarrollo.grupomedios.com\/futbol\/wp-json\/wp\/v2\/posts\/513341\/revisions"}],"predecessor-version":[{"id":513343,"href":"http:\/\/desarrollo.grupomedios.com\/futbol\/wp-json\/wp\/v2\/posts\/513341\/revisions\/513343"}],"wp:featuredmedia":[{"embeddable":true,"href":"http:\/\/desarrollo.grupomedios.com\/futbol\/wp-json\/wp\/v2\/media\/513342"}],"wp:attachment":[{"href":"http:\/\/desarrollo.grupomedios.com\/futbol\/wp-json\/wp\/v2\/media?parent=513341"}],"wp:term":[{"taxonomy":"category","embeddable":true,"href":"http:\/\/desarrollo.grupomedios.com\/futbol\/wp-json\/wp\/v2\/categories?post=513341"},{"taxonomy":"post_tag","embeddable":true,"href":"http:\/\/desarrollo.grupomedios.com\/futbol\/wp-json\/wp\/v2\/tags?post=513341"}],"curies":[{"name":"wp","href":"https:\/\/api.w.org\/{rel}","templated":true}]}}