{"id":513347,"date":"2017-12-31T14:04:10","date_gmt":"2017-12-31T20:04:10","guid":{"rendered":"https:\/\/www.futboltotal.com.mx\/?p=513347"},"modified":"2017-12-31T14:04:10","modified_gmt":"2017-12-31T20:04:10","slug":"boca-juniors-buscara-a-andre-pierre-gignac","status":"publish","type":"post","link":"http:\/\/desarrollo.grupomedios.com\/futbol\/destacado-home\/boca-juniors-buscara-a-andre-pierre-gignac\/2017\/12","title":{"rendered":"Boca Juniors s\u00ed buscar\u00e1 a Andr\u00e9-Pierre Gignac"},"content":{"rendered":"<p>El delantero franc\u00e9s de los <strong>Tigres UANL, Andr\u00e9-Pierre Gignac<\/strong> podr\u00eda estar viviendo sus \u00faltimos momentos dentro de la <strong>Liga MX<\/strong> y es que ya se hab\u00eda hablado sobre el supuesto inter\u00e9s que tiene de nueva cuenta el<a href=\"https:\/\/www.futboltotal.com.mx\/futbol-mexicano\/liga-mx\/besiktas-desea-robarle-a-tigres-uanl-a-andre-pierre-gignac\/2017\/12\" target=\"_blank\" rel=\"noopener\"><strong> Besiktas de Turqu\u00eda<\/strong><\/a> para hacerse con los servicios del atacante, pero ahora ha surgido nueva informaci\u00f3n que lo podr\u00eda colocar en el <strong>Boca Juniors<\/strong> de Argentina.<\/p>\n<p style=\"text-align: center;\"><a href=\"https:\/\/www.futboltotal.com.mx\/liga-de-portugal\/porto-le-niega-la-salida-a-miguel-layun\/2017\/12\" target=\"_blank\" rel=\"noopener\">VER M\u00c1S: Porto le niega la salida a Miguel Lay\u00fan<\/a><\/p>\n<p>Fuentes se\u00f1alan que de no conseguir el fichaje de <strong>Carlos T\u00e9vez<\/strong> para que vuelva a vestirse de Xeneize la siguiente opci\u00f3n ser\u00eda el delantero franc\u00e9s, quien ser\u00eda otra estrella de talla mundial que podr\u00eda llenar el hueco que no ocupar\u00eda el &#8216;Apache&#8217;, adem\u00e1s de la grave lesi\u00f3n de <strong>Dar\u00edo Benedetto<\/strong>, quien junto a <strong>Cristian Pav\u00f3n<\/strong> son jugadores m\u00e1s costosos que Gignac, pues en transfermarket lo tasan en<strong> 6 millones de euros<\/strong>, mientras que a los antes mencionados en<strong> 13 y 12 millones de euros<\/strong> respectivamente, por lo que el fichaje no parece nada descabellado.<\/p>\n<p>El delantero galo dije apenas hace unas semanas que<strong><a href=\"https:\/\/www.futboltotal.com.mx\/futbol-mexicano\/liga-mx\/andre-pierre-gignac-haria-esfuerzo-jugar-en-boca-juniors\/2017\/12\" target=\"_blank\" rel=\"noopener\"> le gustar\u00eda jugar para Boca Juniors<\/a> <\/strong>y su agente indic\u00f3 que har\u00eda un esfuerzo para llegar a la Bombonera. El delantero se ha dicho contento con los Felinos adem\u00e1s que tiene contrato vigente con el cuadro regiomontano.<\/p>\n<p style=\"text-align: center;\"><a href=\"https:\/\/www.futboltotal.com.mx\/futbol-mexicano\/liga-mx\/toluca-sondea-a-fabian-sambueza-hermano-rubens\/2017\/12\" target=\"_blank\" rel=\"noopener\">VER M\u00c1S: Toluca sondea a Fabi\u00e1n Sambueza, hermano de Rubens<\/a><\/p>\n<p>Con informaci\u00f3n de La Cr\u00f3nica de Argentina, ESPN y El Universal<\/p>\n","protected":false},"excerpt":{"rendered":"<p>El delantero ser\u00eda buscado en caso que no llegue Carlos T\u00e9vez<\/p>\n","protected":false},"author":159,"featured_media":513348,"comment_status":"closed","ping_status":"closed","sticky":false,"template":"","format":"standard","meta":[],"categories":[5,2198,3845],"tags":[5564,1683,64,570],"_links":{"self":[{"href":"http:\/\/desarrollo.grupomedios.com\/futbol\/wp-json\/wp\/v2\/posts\/513347"}],"collection":[{"href":"http:\/\/desarrollo.grupomedios.com\/futbol\/wp-json\/wp\/v2\/posts"}],"about":[{"href":"http:\/\/desarrollo.grupomedios.com\/futbol\/wp-json\/wp\/v2\/types\/post"}],"author":[{"embeddable":true,"href":"http:\/\/desarrollo.grupomedios.com\/futbol\/wp-json\/wp\/v2\/users\/159"}],"replies":[{"embeddable":true,"href":"http:\/\/desarrollo.grupomedios.com\/futbol\/wp-json\/wp\/v2\/comments?post=513347"}],"version-history":[{"count":1,"href":"http:\/\/desarrollo.grupomedios.com\/futbol\/wp-json\/wp\/v2\/posts\/513347\/revisions"}],"predecessor-version":[{"id":513349,"href":"http:\/\/desarrollo.grupomedios.com\/futbol\/wp-json\/wp\/v2\/posts\/513347\/revisions\/513349"}],"wp:featuredmedia":[{"embeddable":true,"href":"http:\/\/desarrollo.grupomedios.com\/futbol\/wp-json\/wp\/v2\/media\/513348"}],"wp:attachment":[{"href":"http:\/\/desarrollo.grupomedios.com\/futbol\/wp-json\/wp\/v2\/media?parent=513347"}],"wp:term":[{"taxonomy":"category","embeddable":true,"href":"http:\/\/desarrollo.grupomedios.com\/futbol\/wp-json\/wp\/v2\/categories?post=513347"},{"taxonomy":"post_tag","embeddable":true,"href":"http:\/\/desarrollo.grupomedios.com\/futbol\/wp-json\/wp\/v2\/tags?post=513347"}],"curies":[{"name":"wp","href":"https:\/\/api.w.org\/{rel}","templated":true}]}}