{"id":513364,"date":"2018-01-01T14:23:37","date_gmt":"2018-01-01T20:23:37","guid":{"rendered":"https:\/\/www.futboltotal.com.mx\/?p=513364"},"modified":"2018-01-01T14:40:34","modified_gmt":"2018-01-01T20:40:34","slug":"america-va-la-bomba-del-psv","status":"publish","type":"post","link":"http:\/\/desarrollo.grupomedios.com\/futbol\/destacado-home\/america-va-la-bomba-del-psv\/2018\/01","title":{"rendered":"Am\u00e9rica va por la bomba del PSV"},"content":{"rendered":"<p>Las <strong>\u00c1guilas del Am\u00e9rica<\/strong> se encuentran &#8220;de cacer\u00eda&#8221; en el futbol europeo, y ahora se ha dado a conocer lo que podr\u00eda ser la &#8220;bomba&#8221; m\u00e1s importante del invierno.<\/p>\n<p>El delantero holand\u00e9s <strong>Luuk de Jong<\/strong>, goleador del <strong>PSV Eindhoven<\/strong>, estar\u00eda en la mira del cuadro americanista inform\u00f3 el rotativo <em>Telesport<\/em> de Holanda.<\/p>\n<p>De Jong habr\u00eda sido contactado v\u00eda <strong><em>Skype<\/em><\/strong> por directivos de las <em>\u00c1guilas<\/em> para conocer la posici\u00f3n del joven futbolista del cuadro tulip\u00e1n.<\/p>\n<p style=\"text-align: center;\"><span style=\"color: #333399;\"><a href=\"https:\/\/www.futboltotal.com.mx\/futbol-mexicano\/america-4-toluca-0-partido-amistoso-2017-resumen\/2017\/12\">VER M\u00c1S:\u00a0<span class=\"item-title\">Am\u00e9rica golea sin piedad al Toluca en amistoso<\/span><\/a><\/span><\/p>\n<p>Entre <strong>5 y 7 millones de euros<\/strong> estar\u00eda dispuesto a pagar la escuadra azulcrema por los servicios del jugador de 27 a\u00f1os.<\/p>\n<p>El representante del futbolista <strong>Louis Laros<\/strong>, habr\u00eda tenido una charla con el ex entrenador Hans Westerhof, quien conoce muy bien el futbol mexicano, y ser\u00eda una confirmaci\u00f3n sobre el inter\u00e9s que existe por el artillero holand\u00e9s.<\/p>\n<p><em>(Con informaci\u00f3n del Telesport de Holanda)<\/em><\/p>\n<p>&nbsp;<\/p>\n","protected":false},"excerpt":{"rendered":"<p>El artillero de la Eredivisie sabe de la oferta de la Liga MX<\/p>\n","protected":false},"author":160,"featured_media":513365,"comment_status":"closed","ping_status":"closed","sticky":false,"template":"","format":"standard","meta":[],"categories":[5,2198,3845],"tags":[5959,11485,2044],"_links":{"self":[{"href":"http:\/\/desarrollo.grupomedios.com\/futbol\/wp-json\/wp\/v2\/posts\/513364"}],"collection":[{"href":"http:\/\/desarrollo.grupomedios.com\/futbol\/wp-json\/wp\/v2\/posts"}],"about":[{"href":"http:\/\/desarrollo.grupomedios.com\/futbol\/wp-json\/wp\/v2\/types\/post"}],"author":[{"embeddable":true,"href":"http:\/\/desarrollo.grupomedios.com\/futbol\/wp-json\/wp\/v2\/users\/160"}],"replies":[{"embeddable":true,"href":"http:\/\/desarrollo.grupomedios.com\/futbol\/wp-json\/wp\/v2\/comments?post=513364"}],"version-history":[{"count":1,"href":"http:\/\/desarrollo.grupomedios.com\/futbol\/wp-json\/wp\/v2\/posts\/513364\/revisions"}],"predecessor-version":[{"id":513366,"href":"http:\/\/desarrollo.grupomedios.com\/futbol\/wp-json\/wp\/v2\/posts\/513364\/revisions\/513366"}],"wp:featuredmedia":[{"embeddable":true,"href":"http:\/\/desarrollo.grupomedios.com\/futbol\/wp-json\/wp\/v2\/media\/513365"}],"wp:attachment":[{"href":"http:\/\/desarrollo.grupomedios.com\/futbol\/wp-json\/wp\/v2\/media?parent=513364"}],"wp:term":[{"taxonomy":"category","embeddable":true,"href":"http:\/\/desarrollo.grupomedios.com\/futbol\/wp-json\/wp\/v2\/categories?post=513364"},{"taxonomy":"post_tag","embeddable":true,"href":"http:\/\/desarrollo.grupomedios.com\/futbol\/wp-json\/wp\/v2\/tags?post=513364"}],"curies":[{"name":"wp","href":"https:\/\/api.w.org\/{rel}","templated":true}]}}