{"id":513373,"date":"2018-01-01T13:24:03","date_gmt":"2018-01-01T19:24:03","guid":{"rendered":"https:\/\/www.futboltotal.com.mx\/?p=513373"},"modified":"2018-01-01T13:24:03","modified_gmt":"2018-01-01T19:24:03","slug":"barcelona-lo-quiere-ganar-ernesto-valverde","status":"publish","type":"post","link":"http:\/\/desarrollo.grupomedios.com\/futbol\/futbol-internacional\/barcelona-lo-quiere-ganar-ernesto-valverde\/2018\/01","title":{"rendered":"Barcelona lo quiere ganar todo: Ernesto Valverde"},"content":{"rendered":"<p>El t\u00e9cnico del Barcelona, <strong>Ernesto Valverde<\/strong>, destaca que lo que m\u00e1s le ha llamado la atenci\u00f3n desde que dirige al conjunto azulgrana es que se trata de un equipo &#8220;orientado a la competici\u00f3n&#8221;, pues sus jugadores son &#8220;ganadores y tremendamente competitivos&#8221; y eso se nota &#8220;en los entrenamientos y los partidos&#8221;.<\/p>\n<p>En un entrevista concedida a <strong><em>Bar\u00e7a TV<\/em><\/strong>, Valverde ha hecho balance del primer tramo de temporada en el banquillo del conjunto azulgrana y de c\u00f3mo afronta el inicio de 2018 y el segundo tramo del curso.<\/p>\n<p>Respecto al resto de equipos que ha entrenado, el preparador extreme\u00f1o cree que el <strong>Barcelona<\/strong> est\u00e1 dise\u00f1ado para competir y que sus futbolistas est\u00e1n &#8220;muy responsabilizados&#8221; cuando llega el momento de jugarse los t\u00edtulos.<\/p>\n<p>Adem\u00e1s, sabe que a diferencia del Athletic Club, el Espanyol, el Villarreal, el Valencia o el Olympiacos, los otros equipos que ha dirigido, &#8220;<strong>aqu\u00ed hay un nivel del calidad y un estilo de juego que hay que estar fomentando permanentemente<\/strong>&#8220;.<\/p>\n<p style=\"text-align: center;\"><span style=\"color: #333399;\"><a href=\"https:\/\/www.futboltotal.com.mx\/destacado-home\/pasara-en-mexico-2018\/2018\/01\">VER M\u00c1S:\u00a0<span class=\"item-title\">\u00bfQu\u00e9 pasar\u00e1 en M\u00e9xico durante el 2018?<\/span><\/a><\/span><\/p>\n<p style=\"text-align: left;\"><span style=\"color: #333399;\"><\/span>A\u00fan con la reciente victoria en el Cl\u00e1sico del Bernab\u00e9u (0-3) en la cabeza, que sirvi\u00f3 para alejar a los blancos en la clasificaci\u00f3n, el equipo llega al 2018 de una manera inmejorable. Y es que el Bar\u00e7a es el l\u00edder indiscutible de la Liga con 9, 11 y 14 puntos de diferencia sobre el Atl\u00e9tico de Madrid, Valencia y <strong>Real Madrid<\/strong>, aunque este \u00faltimo con un partido menos.<\/p>\n<p>Adem\u00e1s, est\u00e1 clasificado para los <strong>octavos de final de la Liga de Campeones<\/strong>, en el que se enfrentar\u00e1 al Chelsea, y tambi\u00e9n de la <strong>Copa del Rey<\/strong>, eliminatoria que disputar\u00e1 ante el Celta y que servir\u00e1 para abrir el a\u00f1o.<\/p>\n<p>Valverde se muestra satisfecho de c\u00f3mo su Bar\u00e7a entiende el juego: &#8220;<strong>Cuando no tenemos el bal\u00f3n nos organizamos de una manera, y cuando lo tenemos de otra.<\/strong> Lo m\u00e1s importante es que cuando atacamos somos todos atacantes y cuando no, somos todos defensores. Esto genera esp\u00edritu de equipo, estamos juntos para todo y esto es fundamental&#8221;.<\/p>\n<p>El t\u00e9cnico del conjunto azulgrana ha vuelto a deshacerse en elogios hacia el l\u00edder del equipo, el argentino <strong>Lionel Messi<\/strong>, de quien ha dicho que &#8220;es el mejor jugador que puedes encontrar en el mundo, que afronta la competici\u00f3n con ambici\u00f3n, que tiene un nivel alt\u00edsimo de competitividad y que un nivel de compromiso con el equipo y el club muy grande&#8221;.<\/p>\n<p style=\"text-align: center;\"><span style=\"color: #333399;\"><a href=\"https:\/\/www.futboltotal.com.mx\/destacado-home\/los-eventos-deportivos-2018\/2018\/01\">VER M\u00c1S:\u00a0<span class=\"item-title\">Los eventos deportivos para el 2018<\/span><\/a><\/span><\/p>\n<p style=\"text-align: left;\"><span style=\"color: #333399;\"><\/span>Adem\u00e1s, el &#8216;Txingurri&#8217; tambi\u00e9n ha hablado de otros nombres propios como <strong>Iniesta, Su\u00e1rez, Paulinho y Demb\u00e9l\u00e9<\/strong>, del que ha anunciado su inminente regreso a la competici\u00f3n tras superar la rotura del tend\u00f3n del b\u00edceps femoral de la pierna izquierda que sufri\u00f3 el pasado 17 de septiembre ante el Getafe.<\/p>\n<p>En cualquier caso, Ernesto Valverde insiste en la idea de que el equipo, a pesar de tener unos grandes n\u00fameros hasta el momento, todav\u00eda &#8220;<strong>no ha ganado nada<\/strong>&#8221; esta temporada.<\/p>\n<p>Y sentencia la entrevista con un mensaje para todos los cul\u00e9s: &#8220;<strong>Lo que quiero es que el equipo siga manteniendo esta fe, mejorando d\u00eda a d\u00eda con el tiempo. Nos gustar\u00eda ganarlo todo<\/strong>&#8220;.<\/p>\n<p><em>(Con informaci\u00f3n de EFE)<\/em><\/p>\n","protected":false},"excerpt":{"rendered":"<p>El t\u00e9cnico espa\u00f1ol se deshizo en elogios para todos sus futbolistas<\/p>\n","protected":false},"author":160,"featured_media":513374,"comment_status":"closed","ping_status":"closed","sticky":false,"template":"","format":"standard","meta":[],"categories":[3839,3844],"tags":[5984,8239],"_links":{"self":[{"href":"http:\/\/desarrollo.grupomedios.com\/futbol\/wp-json\/wp\/v2\/posts\/513373"}],"collection":[{"href":"http:\/\/desarrollo.grupomedios.com\/futbol\/wp-json\/wp\/v2\/posts"}],"about":[{"href":"http:\/\/desarrollo.grupomedios.com\/futbol\/wp-json\/wp\/v2\/types\/post"}],"author":[{"embeddable":true,"href":"http:\/\/desarrollo.grupomedios.com\/futbol\/wp-json\/wp\/v2\/users\/160"}],"replies":[{"embeddable":true,"href":"http:\/\/desarrollo.grupomedios.com\/futbol\/wp-json\/wp\/v2\/comments?post=513373"}],"version-history":[{"count":1,"href":"http:\/\/desarrollo.grupomedios.com\/futbol\/wp-json\/wp\/v2\/posts\/513373\/revisions"}],"predecessor-version":[{"id":513375,"href":"http:\/\/desarrollo.grupomedios.com\/futbol\/wp-json\/wp\/v2\/posts\/513373\/revisions\/513375"}],"wp:featuredmedia":[{"embeddable":true,"href":"http:\/\/desarrollo.grupomedios.com\/futbol\/wp-json\/wp\/v2\/media\/513374"}],"wp:attachment":[{"href":"http:\/\/desarrollo.grupomedios.com\/futbol\/wp-json\/wp\/v2\/media?parent=513373"}],"wp:term":[{"taxonomy":"category","embeddable":true,"href":"http:\/\/desarrollo.grupomedios.com\/futbol\/wp-json\/wp\/v2\/categories?post=513373"},{"taxonomy":"post_tag","embeddable":true,"href":"http:\/\/desarrollo.grupomedios.com\/futbol\/wp-json\/wp\/v2\/tags?post=513373"}],"curies":[{"name":"wp","href":"https:\/\/api.w.org\/{rel}","templated":true}]}}