{"id":513402,"date":"2018-01-01T16:58:31","date_gmt":"2018-01-01T22:58:31","guid":{"rendered":"https:\/\/www.futboltotal.com.mx\/?p=513402"},"modified":"2018-01-01T16:58:31","modified_gmt":"2018-01-01T22:58:31","slug":"muneco-arturo-vidal-quemado-ritual-ano-nuevo","status":"publish","type":"post","link":"http:\/\/desarrollo.grupomedios.com\/futbol\/videos\/muneco-arturo-vidal-quemado-ritual-ano-nuevo\/2018\/01","title":{"rendered":"Mu\u00f1eco de Arturo Vidal es quemado como &#8220;ritual de A\u00f1o Nuevo&#8221;"},"content":{"rendered":"<p>Una de las tradiciones m\u00e1s llamativas de <strong>A\u00f1o Nuevo<\/strong> en el futbol mundial se da en <strong>Argentina<\/strong>.<\/p>\n<p>La quema de mu\u00f1ecos con alg\u00fan futbolista que odia la afici\u00f3n local es una pr\u00e1ctica recurrente en <strong>Buenos Aires<\/strong> durante el nuevo a\u00f1o.<\/p>\n<p>En esta ocasi\u00f3n la v\u00edctima fue el futbolista chileno <strong>Arturo Vidal<\/strong>, quien es uno de los futbolistas m\u00e1s odiados en el pa\u00eds y que no asistir\u00e1 al Mundial con <strong>Chile<\/strong>.<\/p>\n<p style=\"text-align: center;\"><span style=\"color: #333399;\"><a href=\"https:\/\/www.futboltotal.com.mx\/copa-mundial-de-futbol-2018\/principales-home-mundial\/alemania-quiere-fuerza-sobrehumana-derrotar-a-mexico\">VER M\u00c1S:\u00a0<span class=\"item-title\">Alemania quiere \u201cfuerza sobrehumana\u201d para derrotar a M\u00e9xico<\/span><\/a><\/span><\/p>\n<p><strong>\u00a1El que no salta, no va al Mundial!<\/strong> fue uno de los cantos que entonaron mientras se daba la quema del mu\u00f1eco, en forma de burla a Vidal.<\/p>\n<blockquote class=\"twitter-video\" data-lang=\"es\">\n<p dir=\"ltr\" lang=\"es\">Se quem\u00f3 el Rey Arturo&#8230;y empezaron a cantar el himno. <a href=\"https:\/\/t.co\/lXi06x2BLe\">pic.twitter.com\/lXi06x2BLe<\/a><\/p>\n<p>\u2014 Sebasti\u00e1n (@sfm79) <a href=\"https:\/\/twitter.com\/sfm79\/status\/947708176652259329?ref_src=twsrc%5Etfw\">1 de enero de 2018<\/a><\/p><\/blockquote>\n<p><script async src=\"https:\/\/platform.twitter.com\/widgets.js\" charset=\"utf-8\"><\/script><\/p>\n","protected":false},"excerpt":{"rendered":"<p>El mu\u00f1eco del futbolista chileno fue quemado al ser uno de los m\u00e1s odiados en el pa\u00eds albiceleste<\/p>\n","protected":false},"author":160,"featured_media":513403,"comment_status":"closed","ping_status":"closed","sticky":false,"template":"","format":"standard","meta":[],"categories":[3839,4],"tags":[5996,2962,406,11490],"_links":{"self":[{"href":"http:\/\/desarrollo.grupomedios.com\/futbol\/wp-json\/wp\/v2\/posts\/513402"}],"collection":[{"href":"http:\/\/desarrollo.grupomedios.com\/futbol\/wp-json\/wp\/v2\/posts"}],"about":[{"href":"http:\/\/desarrollo.grupomedios.com\/futbol\/wp-json\/wp\/v2\/types\/post"}],"author":[{"embeddable":true,"href":"http:\/\/desarrollo.grupomedios.com\/futbol\/wp-json\/wp\/v2\/users\/160"}],"replies":[{"embeddable":true,"href":"http:\/\/desarrollo.grupomedios.com\/futbol\/wp-json\/wp\/v2\/comments?post=513402"}],"version-history":[{"count":1,"href":"http:\/\/desarrollo.grupomedios.com\/futbol\/wp-json\/wp\/v2\/posts\/513402\/revisions"}],"predecessor-version":[{"id":513404,"href":"http:\/\/desarrollo.grupomedios.com\/futbol\/wp-json\/wp\/v2\/posts\/513402\/revisions\/513404"}],"wp:featuredmedia":[{"embeddable":true,"href":"http:\/\/desarrollo.grupomedios.com\/futbol\/wp-json\/wp\/v2\/media\/513403"}],"wp:attachment":[{"href":"http:\/\/desarrollo.grupomedios.com\/futbol\/wp-json\/wp\/v2\/media?parent=513402"}],"wp:term":[{"taxonomy":"category","embeddable":true,"href":"http:\/\/desarrollo.grupomedios.com\/futbol\/wp-json\/wp\/v2\/categories?post=513402"},{"taxonomy":"post_tag","embeddable":true,"href":"http:\/\/desarrollo.grupomedios.com\/futbol\/wp-json\/wp\/v2\/tags?post=513402"}],"curies":[{"name":"wp","href":"https:\/\/api.w.org\/{rel}","templated":true}]}}