{"id":513406,"date":"2018-01-02T10:14:02","date_gmt":"2018-01-02T16:14:02","guid":{"rendered":"https:\/\/www.futboltotal.com.mx\/?p=513406"},"modified":"2018-01-02T10:14:02","modified_gmt":"2018-01-02T16:14:02","slug":"simeone-dara-salida-a-uno-sus-delanteros-del-atetico-madrid","status":"publish","type":"post","link":"http:\/\/desarrollo.grupomedios.com\/futbol\/futbol-internacional\/simeone-dara-salida-a-uno-sus-delanteros-del-atetico-madrid\/2018\/01","title":{"rendered":"Simeone dar\u00e1 salida a uno de sus delanteros del At\u00e9tico de Madrid"},"content":{"rendered":"<p>El entrenador del <strong>Atl\u00e9tico de Madrid<\/strong>, el argentino <strong>Diego Pablo Simeone<\/strong>, confirm\u00f3 que el delantero argentino <strong>Luciano Vietto<\/strong> tiene &#8220;posibilidades importantes&#8221; de salir del club y que esto le da &#8220;bronca&#8221; ya que ha sido &#8220;uno de los mejores futbolistas&#8221; aunque &#8220;no le ha acompa\u00f1ado el gol&#8221;.<\/p>\n<p>&#8220;Hoy he hablado con Luciano, est\u00e1 claro que tiene posibilidades importantes para salir. Le deseo lo mejor, ojal\u00e1 que su salida sea a un equipo competitivo&#8221;, asegur\u00f3 Simeone en la rueda de prensa anterior al partido de ida de octavos de final de la <strong>Copa del Rey<\/strong> contra el <strong>Lleida<\/strong>.<\/p>\n<p>&#8220;Me da bronca su salida, ha sido de los mejores futbolistas que ha jugado en el equipo, no le ha acompa\u00f1ado el gol, la contundencia en un equipo que no espera y ojal\u00e1 pueda tener lo que no le ha acompa\u00f1ado aqu\u00ed en otro equipo. Le quiero mucho como chico y como futbolista, es una pena que como no haya podido materializar su juego en goles&#8221;, continu\u00f3 el preparador del Atl\u00e9tico.<\/p>\n<p style=\"text-align: center;\"><span style=\"color: #3366ff;\"><a href=\"https:\/\/www.futboltotal.com.mx\/futbol-mexicano\/liga-mx\/lionel-messi-luce-la-camiseta-del-atlas\/2018\/01\">VER M\u00c1S: Lionel Messi luce la camiseta del Atlas<\/a><\/span><\/p>\n<p>El consejero delegado del club, <strong>Miguel \u00c1ngel Gil Mar\u00edn<\/strong>, asegur\u00f3 la semana pasada que el Atl\u00e9tico ten\u00eda un acuerdo de una cesi\u00f3n con opci\u00f3n de compra de Vietto con el Sporting de Portugal, aunque en las \u00faltimas horas se ha hablado de la posibilidad de que sea el Valencia quien requiera de sus servicios.<\/p>\n<p>Respecto al otro jugador cuya salida parece probable en el mercado de traspasos de enero, el argentino <strong>Nico Gait\u00e1n<\/strong>, record\u00f3 que habl\u00f3 con \u00e9l &#8220;20 d\u00edas atr\u00e1s&#8221; y dijo que espera que tenga &#8220;las mejores posibilidades&#8221;.<\/p>\n<p>&#8220;Esperamos que tambi\u00e9n tenga las mejores posibilidades, si en este caso tuvieran que quedarse ac\u00e1 siempre encantado, la competencia siempre me ha gustado, pero est\u00e1 claro que alg\u00fan futbolista tendr\u00e1 que salir&#8221;, a\u00f1adi\u00f3.<\/p>\n<p>Diego Pablo Simeone no descart\u00f3 que adem\u00e1s de salidas el equipo rojiblanco pueda registrar alg\u00fan otro fichaje m\u00e1s all\u00e1 de los ya finalizados del delantero hispanobrasile\u00f1o <strong>Diego Costa<\/strong> y el extremo canario <strong>V\u00edctor Mach\u00edn &#8216;Vitolo&#8217;<\/strong>.<\/p>\n<p>&#8220;Siempre cuando estamos en estas fechas la tensi\u00f3n me hace ir con tranquilidad de saber que el mercado est\u00e1 abierto, que para entradas o salidas hasta el ultimo d\u00eda hay la peligrosidad de que salga alguno inesperado y la posibilidad que pueda entrar alguno, aunque hoy sea lejana&#8221;, coment\u00f3 el entrenador del Atl\u00e9tico. EFE<\/p>\n","protected":false},"excerpt":{"rendered":"<p>Los Colchoneros cambiar\u00e1n tras la llegada de Diego Costa.<\/p>\n","protected":false},"author":129,"featured_media":507631,"comment_status":"closed","ping_status":"closed","sticky":false,"template":"","format":"standard","meta":[],"categories":[3839,3844],"tags":[6007,6214,11493],"_links":{"self":[{"href":"http:\/\/desarrollo.grupomedios.com\/futbol\/wp-json\/wp\/v2\/posts\/513406"}],"collection":[{"href":"http:\/\/desarrollo.grupomedios.com\/futbol\/wp-json\/wp\/v2\/posts"}],"about":[{"href":"http:\/\/desarrollo.grupomedios.com\/futbol\/wp-json\/wp\/v2\/types\/post"}],"author":[{"embeddable":true,"href":"http:\/\/desarrollo.grupomedios.com\/futbol\/wp-json\/wp\/v2\/users\/129"}],"replies":[{"embeddable":true,"href":"http:\/\/desarrollo.grupomedios.com\/futbol\/wp-json\/wp\/v2\/comments?post=513406"}],"version-history":[{"count":1,"href":"http:\/\/desarrollo.grupomedios.com\/futbol\/wp-json\/wp\/v2\/posts\/513406\/revisions"}],"predecessor-version":[{"id":513410,"href":"http:\/\/desarrollo.grupomedios.com\/futbol\/wp-json\/wp\/v2\/posts\/513406\/revisions\/513410"}],"wp:featuredmedia":[{"embeddable":true,"href":"http:\/\/desarrollo.grupomedios.com\/futbol\/wp-json\/wp\/v2\/media\/507631"}],"wp:attachment":[{"href":"http:\/\/desarrollo.grupomedios.com\/futbol\/wp-json\/wp\/v2\/media?parent=513406"}],"wp:term":[{"taxonomy":"category","embeddable":true,"href":"http:\/\/desarrollo.grupomedios.com\/futbol\/wp-json\/wp\/v2\/categories?post=513406"},{"taxonomy":"post_tag","embeddable":true,"href":"http:\/\/desarrollo.grupomedios.com\/futbol\/wp-json\/wp\/v2\/tags?post=513406"}],"curies":[{"name":"wp","href":"https:\/\/api.w.org\/{rel}","templated":true}]}}