{"id":513426,"date":"2018-01-02T11:06:44","date_gmt":"2018-01-02T17:06:44","guid":{"rendered":"https:\/\/www.futboltotal.com.mx\/?p=513426"},"modified":"2018-01-02T11:06:44","modified_gmt":"2018-01-02T17:06:44","slug":"cavani-neymar-exageraron-cosas-se-quedan-en-la-cancha","status":"publish","type":"post","link":"http:\/\/desarrollo.grupomedios.com\/futbol\/futbol-internacional\/cavani-neymar-exageraron-cosas-se-quedan-en-la-cancha\/2018\/01","title":{"rendered":"Cavani sobre Neymar: &#8220;Exageraron cosas que se quedan en la cancha&#8221;"},"content":{"rendered":"<p>El delantero del <strong>Paris Saint Germain<\/strong> <strong>Edinson Cavani<\/strong> asegur\u00f3 que &#8220;no hay nada especial en todo lo que se habl\u00f3&#8221; sobre su relaci\u00f3n con el brasile\u00f1o <strong>Neymar<\/strong>.<\/p>\n<p>&#8220;Se crean o inventan historias que no existen. Ac\u00e1 lo que cuenta es el objetivo grupal. Tenemos que trabajar y jugar para conseguir metas con el equipo y todo aquel que lo demuestre va a estar bien, pero si hay personas que no lo sienten o piensan diferente, all\u00e1 ellos&#8221;, declar\u00f3 en una entrevista que publica hoy <em>Ovaci\u00f3n.<\/em><\/p>\n<p style=\"text-align: center;\"><span style=\"color: #3366ff;\"><a href=\"https:\/\/www.futboltotal.com.mx\/futbol-internacional\/liga-de-espana\/real-madrid-pagaria-millonada-eden-hazard\/2018\/01\">VER M\u00c1S: Real Madrid pagar\u00eda millonada por Eden Hazard<\/a><\/span><\/p>\n<p>&#8220;Con lo de Neymar no hay nada especial en todo lo que se habl\u00f3. Se agrandaron mucho cosas que sucedieron adentro de una cancha o un vestuario y que ah\u00ed deben quedar porque el f\u00fatbol es as\u00ed&#8221;, dijo a prop\u00f3sito de la discusi\u00f3n que tuvieron durante un partido por el derecho a ejecutar un penalti. EFE<\/p>\n<p><iframe loading=\"lazy\" src=\"https:\/\/www.youtube.com\/embed\/-ATkfYsRM1o?feature=oembed\" frameborder=\"0\" gesture=\"media\" allow=\"encrypted-media\" allowfullscreen><\/iframe><\/p>\n","protected":false},"excerpt":{"rendered":"<p>El uruguayo dej\u00f3 en el pasado los problemas que tuvo con el brasile\u00f1o.<\/p>\n","protected":false},"author":129,"featured_media":500673,"comment_status":"closed","ping_status":"closed","sticky":false,"template":"","format":"standard","meta":[],"categories":[3839,9609],"tags":[6037,6214,408,6001],"_links":{"self":[{"href":"http:\/\/desarrollo.grupomedios.com\/futbol\/wp-json\/wp\/v2\/posts\/513426"}],"collection":[{"href":"http:\/\/desarrollo.grupomedios.com\/futbol\/wp-json\/wp\/v2\/posts"}],"about":[{"href":"http:\/\/desarrollo.grupomedios.com\/futbol\/wp-json\/wp\/v2\/types\/post"}],"author":[{"embeddable":true,"href":"http:\/\/desarrollo.grupomedios.com\/futbol\/wp-json\/wp\/v2\/users\/129"}],"replies":[{"embeddable":true,"href":"http:\/\/desarrollo.grupomedios.com\/futbol\/wp-json\/wp\/v2\/comments?post=513426"}],"version-history":[{"count":1,"href":"http:\/\/desarrollo.grupomedios.com\/futbol\/wp-json\/wp\/v2\/posts\/513426\/revisions"}],"predecessor-version":[{"id":513427,"href":"http:\/\/desarrollo.grupomedios.com\/futbol\/wp-json\/wp\/v2\/posts\/513426\/revisions\/513427"}],"wp:featuredmedia":[{"embeddable":true,"href":"http:\/\/desarrollo.grupomedios.com\/futbol\/wp-json\/wp\/v2\/media\/500673"}],"wp:attachment":[{"href":"http:\/\/desarrollo.grupomedios.com\/futbol\/wp-json\/wp\/v2\/media?parent=513426"}],"wp:term":[{"taxonomy":"category","embeddable":true,"href":"http:\/\/desarrollo.grupomedios.com\/futbol\/wp-json\/wp\/v2\/categories?post=513426"},{"taxonomy":"post_tag","embeddable":true,"href":"http:\/\/desarrollo.grupomedios.com\/futbol\/wp-json\/wp\/v2\/tags?post=513426"}],"curies":[{"name":"wp","href":"https:\/\/api.w.org\/{rel}","templated":true}]}}