{"id":513435,"date":"2018-01-02T14:19:00","date_gmt":"2018-01-02T20:19:00","guid":{"rendered":"https:\/\/www.futboltotal.com.mx\/?p=513435"},"modified":"2018-01-02T14:19:00","modified_gmt":"2018-01-02T20:19:00","slug":"asi-quedo-jurgen-damm-tras-accidente-la-pirotecnia","status":"publish","type":"post","link":"http:\/\/desarrollo.grupomedios.com\/futbol\/futbol-mexicano\/asi-quedo-jurgen-damm-tras-accidente-la-pirotecnia\/2018\/01","title":{"rendered":"As\u00ed qued\u00f3 J\u00fcrgen Damm tras su accidente con la pirotecnia"},"content":{"rendered":"<p>Luego de que comunicaran que <strong>J\u00fcrgen Damm<\/strong> hab\u00eda sufrido lesiones por culpa de la pirotecnia, el jugador de <strong>Tigres<\/strong> reapareci\u00f3 en las redes sociales mostrando una fotograf\u00eda donde aparece con la cara vendada y lamentando la situaci\u00f3n que vivi\u00f3.<\/p>\n<p>\u201cMe toc\u00f3 aprender por las malas\u201d,\u00a0 fueron las palabras luego del accidente que sufri\u00f3 cuando encend\u00eda fuegos pirot\u00e9cnicos en su casa y uno de los cohetes explot\u00f3 cerca de su rostro dej\u00e1ndole quemaduras de primer grado.<\/p>\n<p style=\"text-align: center;\"><span style=\"color: #3366ff;\"><a href=\"https:\/\/www.futboltotal.com.mx\/futbol-mexicano\/liga-mx\/luuk-jong-tendria-interes-venir-al-america\/2018\/01\">VER M\u00c1S: Luuk de Jong s\u00ed tendr\u00eda inter\u00e9s de venir al Am\u00e9rica<\/a><\/span><\/p>\n<p>\u201cQuiero agradecer a Dios porque fue un verdadero milagro que esto no haya pasado a mayores. Ojal\u00e1 lo que me pas\u00f3 a mi les sirva a todos ustedes para que aprendamos que la pirotecnia no deja nada bueno en nuestras vidas. Tristemente me toc\u00f3 aprender por las malas, pero en verdad deseo que esto les sirva de mensaje para que no tengan que pasar por algo as\u00ed. Gracias a todos los que me han manifestado su apoyo, me han ayudado bastante en estos momentos dif\u00edciles\u201d, expres\u00f3 por medio de un mensaje.<\/p>\n<p>Se tiene pronosticado que Damm tardar\u00e1 por lo menos dos semanas para poder recuperarse, por lo que se perder\u00e1 los primeros dos compromisos de Tigres en el <strong>Clausura 2018<\/strong>.<\/p>\n<blockquote class=\"twitter-tweet\" data-width=\"500\">\n<p lang=\"es\" dir=\"ltr\">Raza ya vi a Damm y gracias a Dios esta bien. Me pidi\u00f3 que les diera este mensaje. <\/p>\n<p>PD Por favor digan no a los cuetes!<a href=\"https:\/\/twitter.com\/hashtag\/FuerzaDamm?src=hash&amp;ref_src=twsrc%5Etfw\">#FuerzaDamm<\/a> \u26a1\ufe0f <a href=\"https:\/\/t.co\/rPOgXgaEDn\">pic.twitter.com\/rPOgXgaEDn<\/a><\/p>\n<p>&mdash; Pello Maldonado (@Pellomaldonado) <a href=\"https:\/\/twitter.com\/Pellomaldonado\/status\/948210211772395520?ref_src=twsrc%5Etfw\">January 2, 2018<\/a><\/p><\/blockquote>\n<p><script async src=\"https:\/\/platform.twitter.com\/widgets.js\" charset=\"utf-8\"><\/script><\/p>\n","protected":false},"excerpt":{"rendered":"<p>El jugador de Tigres mand\u00f3 un mensaje de concientizaci\u00f3n.<\/p>\n","protected":false},"author":129,"featured_media":513439,"comment_status":"closed","ping_status":"closed","sticky":false,"template":"","format":"standard","meta":[],"categories":[2198,3845],"tags":[3883,1916,64,5973],"_links":{"self":[{"href":"http:\/\/desarrollo.grupomedios.com\/futbol\/wp-json\/wp\/v2\/posts\/513435"}],"collection":[{"href":"http:\/\/desarrollo.grupomedios.com\/futbol\/wp-json\/wp\/v2\/posts"}],"about":[{"href":"http:\/\/desarrollo.grupomedios.com\/futbol\/wp-json\/wp\/v2\/types\/post"}],"author":[{"embeddable":true,"href":"http:\/\/desarrollo.grupomedios.com\/futbol\/wp-json\/wp\/v2\/users\/129"}],"replies":[{"embeddable":true,"href":"http:\/\/desarrollo.grupomedios.com\/futbol\/wp-json\/wp\/v2\/comments?post=513435"}],"version-history":[{"count":1,"href":"http:\/\/desarrollo.grupomedios.com\/futbol\/wp-json\/wp\/v2\/posts\/513435\/revisions"}],"predecessor-version":[{"id":513443,"href":"http:\/\/desarrollo.grupomedios.com\/futbol\/wp-json\/wp\/v2\/posts\/513435\/revisions\/513443"}],"wp:featuredmedia":[{"embeddable":true,"href":"http:\/\/desarrollo.grupomedios.com\/futbol\/wp-json\/wp\/v2\/media\/513439"}],"wp:attachment":[{"href":"http:\/\/desarrollo.grupomedios.com\/futbol\/wp-json\/wp\/v2\/media?parent=513435"}],"wp:term":[{"taxonomy":"category","embeddable":true,"href":"http:\/\/desarrollo.grupomedios.com\/futbol\/wp-json\/wp\/v2\/categories?post=513435"},{"taxonomy":"post_tag","embeddable":true,"href":"http:\/\/desarrollo.grupomedios.com\/futbol\/wp-json\/wp\/v2\/tags?post=513435"}],"curies":[{"name":"wp","href":"https:\/\/api.w.org\/{rel}","templated":true}]}}