{"id":513436,"date":"2018-01-02T14:13:53","date_gmt":"2018-01-02T20:13:53","guid":{"rendered":"https:\/\/www.futboltotal.com.mx\/?p=513436"},"modified":"2018-01-02T14:15:58","modified_gmt":"2018-01-02T20:15:58","slug":"gabriel-jesus-podria-tener-tres-meses-baja-en-city","status":"publish","type":"post","link":"http:\/\/desarrollo.grupomedios.com\/futbol\/futbol-internacional\/gabriel-jesus-podria-tener-tres-meses-baja-en-city\/2018\/01","title":{"rendered":"Gabriel Jesus podr\u00eda tener hasta tres meses de baja en el City"},"content":{"rendered":"<p>El atacante brasile\u00f1o del <em><strong>Manchester City,<\/strong> <\/em><strong>Gabriel Jesus,<\/strong> anunci\u00f3 que no tendr\u00e1 que ser operado de la rodilla tras la lesi\u00f3n sufrida el domingo en el partido contra <strong><em>Crystal Palace,<\/em> pero podr\u00eda permanecer inactivo tres meses.<\/strong><\/p>\n<p><em>&#8220;Una radiograf\u00eda de mi rodilla izquierda revel\u00f3 una peque\u00f1a lesi\u00f3n en el ligamento colateral medial&#8221;,<\/em> escribi\u00f3 el lunes <strong>Jesus<\/strong> en su cuenta de <em>Instagram.<\/em><\/p>\n<p><em>&#8220;Gracias a Dios, no es muy grave y no tendr\u00e9 que someterme a ninguna cirug\u00eda. Prometo volver lo antes posible al terreno de juego&#8221;,<\/em> agreg\u00f3 el internacional brasile\u00f1o.<\/p>\n<p style=\"text-align: center;\"><a href=\"https:\/\/www.futboltotal.com.mx\/futbol-internacional\/wenger-iguala-record-ferguson\/2017\/12\">VER M\u00c1S: Wenger iguala el impresionante r\u00e9cord de Ferguson<\/a><\/p>\n<p>El brasile\u00f1o, que sali\u00f3 con l\u00e1grimas en los ojos de la cancha el domingo pasado, debe someterse a nuevos ex\u00e1menes en los pr\u00f3ximos d\u00edas que permitir\u00e1n establecer un diagn\u00f3stico definitivo. Seg\u00fan la gravedad, las lesiones en los ligamentos pueden hacer que los jugadores tarden <strong>hasta tres meses<\/strong> en volver a jugar.<span style=\"background-color: #f8f8f8; text-align: center;\">\u00a0<\/span><\/p>\n<p>&nbsp;<\/p>\n<blockquote class=\"instagram-media\" style=\"background: #FFF; border: 0; border-radius: 3px; box-shadow: 0 0 1px 0 rgba(0,0,0,0.5),0 1px 10px 0 rgba(0,0,0,0.15); margin: 1px; max-width: 658px; padding: 0; width: calc(100% - 2px);\" data-instgrm-captioned=\"\" data-instgrm-permalink=\"https:\/\/www.instagram.com\/p\/BdbG3gLF3GC\/\" data-instgrm-version=\"8\">\n<div style=\"padding: 8px;\">\n<div style=\"background: #F8F8F8; line-height: 0; margin-top: 40px; padding: 58.10185185185185% 0; text-align: center; width: 100%;\"><\/div>\n<p style=\"margin: 8px 0 0 0; padding: 0 4px;\"><a style=\"color: #000; font-family: Arial,sans-serif; font-size: 14px; font-style: normal; font-weight: normal; line-height: 17px; text-decoration: none; word-wrap: break-word;\" href=\"https:\/\/www.instagram.com\/p\/BdbG3gLF3GC\/\" target=\"_blank\" rel=\"noopener\">Hoje fiz um exame no joelho esquerdo que diagnosticou uma pequena les\u00e3o no ligamento colateral medial! Gra\u00e7as a Deus n\u00e3o \u00e9 uma les\u00e3o muito s\u00e9ria e n\u00e3o preciso passar por nenhum procedimento cir\u00fargico. Volto o mais r\u00e1pido possivel! Obrigado por todas as mensagens de apoio e pensamento positivo! Feliz ano novo! 2018 promete!!! &#x1f64c;&#x1f3fc;&#x1f64f;&#x1f3fc; \u2014\u2014\u2014\u2014\u2014\u2014\u2014 Today I went through an image exam on my left knee that diagnosed a small medial colateral ligament injury! Thanks god it is not very bad and I won\u2019t have to go through any surgery procedure. Promise to be back as soon as possible! Thanks for all the fans support and positive thoughts! Happy new year! 2018 is going to be my year!<\/a><\/p>\n<p style=\"color: #c9c8cd; font-family: Arial,sans-serif; font-size: 14px; line-height: 17px; margin-bottom: 0; margin-top: 8px; overflow: hidden; padding: 8px 0 7px; text-align: center; text-overflow: ellipsis; white-space: nowrap;\">Una publicaci\u00f3n compartida de <a style=\"color: #c9c8cd; font-family: Arial,sans-serif; font-size: 14px; font-style: normal; font-weight: normal; line-height: 17px;\" href=\"https:\/\/www.instagram.com\/dejesusoficial\/\" target=\"_blank\" rel=\"noopener\"> Gabriel Jesus<\/a> (@dejesusoficial) el <time style=\"font-family: Arial,sans-serif; font-size: 14px; line-height: 17px;\" datetime=\"2018-01-01T22:26:11+00:00\">Ene 1, 2018 at 2:26 PST<\/time><\/p>\n<\/div>\n<\/blockquote>\n<p><script async defer src=\"\/\/platform.instagram.com\/en_US\/embeds.js\"><\/script><\/p>\n","protected":false},"excerpt":{"rendered":"<p>No tendr\u00e1 que ser operado, pero su lesi\u00f3n es importante. <\/p>\n","protected":false},"author":165,"featured_media":513437,"comment_status":"closed","ping_status":"closed","sticky":false,"template":"","format":"standard","meta":[],"categories":[3839,3846],"tags":[10176,2611,6214,8041,1245,11500,5993,334],"_links":{"self":[{"href":"http:\/\/desarrollo.grupomedios.com\/futbol\/wp-json\/wp\/v2\/posts\/513436"}],"collection":[{"href":"http:\/\/desarrollo.grupomedios.com\/futbol\/wp-json\/wp\/v2\/posts"}],"about":[{"href":"http:\/\/desarrollo.grupomedios.com\/futbol\/wp-json\/wp\/v2\/types\/post"}],"author":[{"embeddable":true,"href":"http:\/\/desarrollo.grupomedios.com\/futbol\/wp-json\/wp\/v2\/users\/165"}],"replies":[{"embeddable":true,"href":"http:\/\/desarrollo.grupomedios.com\/futbol\/wp-json\/wp\/v2\/comments?post=513436"}],"version-history":[{"count":3,"href":"http:\/\/desarrollo.grupomedios.com\/futbol\/wp-json\/wp\/v2\/posts\/513436\/revisions"}],"predecessor-version":[{"id":513441,"href":"http:\/\/desarrollo.grupomedios.com\/futbol\/wp-json\/wp\/v2\/posts\/513436\/revisions\/513441"}],"wp:featuredmedia":[{"embeddable":true,"href":"http:\/\/desarrollo.grupomedios.com\/futbol\/wp-json\/wp\/v2\/media\/513437"}],"wp:attachment":[{"href":"http:\/\/desarrollo.grupomedios.com\/futbol\/wp-json\/wp\/v2\/media?parent=513436"}],"wp:term":[{"taxonomy":"category","embeddable":true,"href":"http:\/\/desarrollo.grupomedios.com\/futbol\/wp-json\/wp\/v2\/categories?post=513436"},{"taxonomy":"post_tag","embeddable":true,"href":"http:\/\/desarrollo.grupomedios.com\/futbol\/wp-json\/wp\/v2\/tags?post=513436"}],"curies":[{"name":"wp","href":"https:\/\/api.w.org\/{rel}","templated":true}]}}