{"id":513458,"date":"2018-01-02T17:34:37","date_gmt":"2018-01-02T23:34:37","guid":{"rendered":"https:\/\/www.futboltotal.com.mx\/?p=513458"},"modified":"2018-01-02T18:55:14","modified_gmt":"2018-01-03T00:55:14","slug":"pedro-caixinha-estara-en-debut-cruz-azul","status":"publish","type":"post","link":"http:\/\/desarrollo.grupomedios.com\/futbol\/destacado-home\/pedro-caixinha-estara-en-debut-cruz-azul\/2018\/01","title":{"rendered":"Pedro Caixinha s\u00ed estar\u00e1 en su debut con Cruz Azul"},"content":{"rendered":"<p>La <strong>Comisi\u00f3n Disciplinaria<\/strong> quit\u00f3 la sanci\u00f3n de un partido al nuevo entrenador de <strong>Cruz Azul<\/strong>, <strong>Pedro Caixinha<\/strong>, quien hab\u00eda sido suspendido en un partido con <strong>Santos Laguna<\/strong> en el torneo de <strong>Apertura 2015<\/strong> para luego ser despedido.<\/p>\n<p>El timonel portugu\u00e9s pag\u00f3 la multa de 11 mil pesos que estipula el art\u00edculo 41 del reglamento de sanciones y de esa manera podr\u00e1 estar en el debut de la M\u00e1quina el s\u00e1bado frente a <strong>Xolos de Tijuana<\/strong>.<\/p>\n<p>\u201cLos integrantes del Cuerpo T\u00e9cnico que hayan sido sancionados con menos de cinco partidos de suspensi\u00f3n, o que tengan menos de cinco partidos de suspensi\u00f3n pendientes por cumplir, podr\u00e1n, despu\u00e9s de un a\u00f1o transcurrido, cancelar su suspensi\u00f3n a trav\u00e9s del pago de una aportaci\u00f3n extraordinaria de 150 UMAS por cada partido de suspensi\u00f3n que le falte por cumplir&#8221;, dice el reglamento.<\/p>\n<p style=\"text-align: center;\"><span style=\"color: #3366ff;\"><a href=\"https:\/\/www.futboltotal.com.mx\/futbol-mexicano\/liga-mx\/luuk-jong-tendria-interes-venir-al-america\/2018\/01\">VER M\u00c1S: Luuk de Jong s\u00ed tendr\u00eda inter\u00e9s de venir al Am\u00e9rica<\/a><\/span><\/p>\n<p>A trav\u00e9s de un comunicado, la Comisi\u00f3n explic\u00f3 que Caixinha s\u00ed podr\u00e1 estar en el banquillo en el <strong>Estadio Azul<\/strong>.<\/p>\n<blockquote class=\"twitter-tweet\" data-width=\"500\">\n<p lang=\"es\" dir=\"ltr\">La Comisi\u00f3n Disciplinaria informa: <a href=\"https:\/\/t.co\/d9k7T5DnVD\">https:\/\/t.co\/d9k7T5DnVD<\/a> <a href=\"https:\/\/t.co\/mcABJCfCT0\">pic.twitter.com\/mcABJCfCT0<\/a><\/p>\n<p>&mdash; LIGA Bancomer MX (@LIGABancomerMX) <a href=\"https:\/\/twitter.com\/LIGABancomerMX\/status\/948325466250842113?ref_src=twsrc%5Etfw\">January 2, 2018<\/a><\/p><\/blockquote>\n<p><script async src=\"https:\/\/platform.twitter.com\/widgets.js\" charset=\"utf-8\"><\/script><\/p>\n<p>\u201cLa Comisi\u00f3n Disciplinaria de la Federaci\u00f3n Mexicana de F\u00fatbol informa que el Director T\u00e9cnico del Club Cruz Azul, Pedro Miguel Faria Caixinha, quien tiene pendiente un partido de suspensi\u00f3n, est\u00e1 habilitado para dirigir desde el inicio del <strong>Torneo Clausura 2018<\/strong> de la <strong>LIGA BBVA Bancomer MX<\/strong>\u201d, se inform\u00f3 en el comunicado.<\/p>\n<p>Esta misma situaci\u00f3n la vivi\u00f3 <strong>Miguel Herrera<\/strong>, quien despu\u00e9s de su paso por la Selecci\u00f3n Mexicana deb\u00eda un juego de suspensi\u00f3n y pag\u00f3 la misma multa para poder dirigir a los <strong>Xolos<\/strong> en el <strong>Clausura 2016<\/strong>.<\/p>\n","protected":false},"excerpt":{"rendered":"<p>El t\u00e9cnico de la M\u00e1quina s\u00ed podr\u00e1 estar con su equipo.<\/p>\n","protected":false},"author":129,"featured_media":511892,"comment_status":"closed","ping_status":"closed","sticky":false,"template":"","format":"standard","meta":[],"categories":[5,2198,3845],"tags":[9028,5962,6214,64,1968],"_links":{"self":[{"href":"http:\/\/desarrollo.grupomedios.com\/futbol\/wp-json\/wp\/v2\/posts\/513458"}],"collection":[{"href":"http:\/\/desarrollo.grupomedios.com\/futbol\/wp-json\/wp\/v2\/posts"}],"about":[{"href":"http:\/\/desarrollo.grupomedios.com\/futbol\/wp-json\/wp\/v2\/types\/post"}],"author":[{"embeddable":true,"href":"http:\/\/desarrollo.grupomedios.com\/futbol\/wp-json\/wp\/v2\/users\/129"}],"replies":[{"embeddable":true,"href":"http:\/\/desarrollo.grupomedios.com\/futbol\/wp-json\/wp\/v2\/comments?post=513458"}],"version-history":[{"count":1,"href":"http:\/\/desarrollo.grupomedios.com\/futbol\/wp-json\/wp\/v2\/posts\/513458\/revisions"}],"predecessor-version":[{"id":513459,"href":"http:\/\/desarrollo.grupomedios.com\/futbol\/wp-json\/wp\/v2\/posts\/513458\/revisions\/513459"}],"wp:featuredmedia":[{"embeddable":true,"href":"http:\/\/desarrollo.grupomedios.com\/futbol\/wp-json\/wp\/v2\/media\/511892"}],"wp:attachment":[{"href":"http:\/\/desarrollo.grupomedios.com\/futbol\/wp-json\/wp\/v2\/media?parent=513458"}],"wp:term":[{"taxonomy":"category","embeddable":true,"href":"http:\/\/desarrollo.grupomedios.com\/futbol\/wp-json\/wp\/v2\/categories?post=513458"},{"taxonomy":"post_tag","embeddable":true,"href":"http:\/\/desarrollo.grupomedios.com\/futbol\/wp-json\/wp\/v2\/tags?post=513458"}],"curies":[{"name":"wp","href":"https:\/\/api.w.org\/{rel}","templated":true}]}}