{"id":513472,"date":"2018-01-03T09:41:39","date_gmt":"2018-01-03T15:41:39","guid":{"rendered":"https:\/\/www.futboltotal.com.mx\/?p=513472"},"modified":"2018-01-03T09:41:39","modified_gmt":"2018-01-03T15:41:39","slug":"america-pide-demasiado-dinero-silvio-romero","status":"publish","type":"post","link":"http:\/\/desarrollo.grupomedios.com\/futbol\/futbol-mexicano\/america-pide-demasiado-dinero-silvio-romero\/2018\/01","title":{"rendered":"Am\u00e9rica pide demasiado dinero por Silvio Romero"},"content":{"rendered":"<p>El cuadro de las <a href=\"https:\/\/www.futboltotal.com.mx\/futbol-mexicano\/liga-mx\/luuk-jong-tendria-interes-venir-al-america\/2018\/01\" target=\"_blank\" rel=\"noopener\"><strong>\u00c1guilas del Am\u00e9rica<\/strong><\/a> tiene poco tiempo para acomodar a <strong>Silvio Romero<\/strong>, delantero argentino que ya no entrar\u00eda en planes con los de Coapa, pero a pesar de tener el inter\u00e9s de <strong>River Plate<\/strong> e <a href=\"https:\/\/www.futboltotal.com.mx\/futbol-mexicano\/liga-mx\/independiente-se-suma-a-la-lucha-silvio-romero\/2017\/12\" target=\"_blank\" rel=\"noopener\"><strong>Independiente de Avellaneda<\/strong><\/a>, el dinero que est\u00e1 pidiendo por el futbolista es muy elevado, as\u00ed lo han manifestado.<\/p>\n<p style=\"text-align: center;\"><a href=\"https:\/\/www.futboltotal.com.mx\/futbol-mexicano\/liga-mx\/carlos-sanchez-dejaria-rayados-san-lorenzo\/2018\/01\">VER M\u00c1S: Carlos S\u00e1nchez dejar\u00eda Rayados por San Lorenzo<\/a><\/p>\n<p>\u201cEn ese valor no hay chances de nada. Veremos qu\u00e9 sucede esta semana cuando avancemos para saber diversas opciones y en qu\u00e9 condiciones&#8221;, expres\u00f3 Carlos Monta\u00f1a, vicepresidente de Independiente, pues el equipo azulcrema pretende llevarse <strong>seis millones de d\u00f3lares<\/strong> por el &#8216;Chino&#8217;.<\/p>\n<p>&#8220;Si pretenden ese dinero y ya, es imposible, pero si est\u00e1n dispuestos a negociar sumando opciones todo es m\u00e1s probable\u201d, agreg\u00f3 el directivo, por lo que el Rojo solo ha quedado de manifiesto en su inter\u00e9s por el jugador, pues apenas ofrec\u00edan\u00a0<strong>cuatro millones de d\u00f3lares<\/strong> por el <strong>80 por ciento<\/strong> del pase del jugador.<\/p>\n<p style=\"text-align: center;\"><a href=\"https:\/\/www.futboltotal.com.mx\/futbol-mexicano\/liga-mx\/pumas-busca-a-guardameta-en-andorra\/2018\/01\">VER M\u00c1S: Pumas buscar\u00eda a guardameta en Andorra<\/a><\/p>\n<p>Con informaci\u00f3n de r\u00e9cord y TyC Sports<\/p>\n","protected":false},"excerpt":{"rendered":"<p>El delantero argentino no tendr\u00eda posibilidad de salir del cuadro de Coapa<\/p>\n","protected":false},"author":159,"featured_media":513473,"comment_status":"closed","ping_status":"closed","sticky":false,"template":"","format":"standard","meta":[],"categories":[2198,3845],"tags":[5959,169,64,6803],"_links":{"self":[{"href":"http:\/\/desarrollo.grupomedios.com\/futbol\/wp-json\/wp\/v2\/posts\/513472"}],"collection":[{"href":"http:\/\/desarrollo.grupomedios.com\/futbol\/wp-json\/wp\/v2\/posts"}],"about":[{"href":"http:\/\/desarrollo.grupomedios.com\/futbol\/wp-json\/wp\/v2\/types\/post"}],"author":[{"embeddable":true,"href":"http:\/\/desarrollo.grupomedios.com\/futbol\/wp-json\/wp\/v2\/users\/159"}],"replies":[{"embeddable":true,"href":"http:\/\/desarrollo.grupomedios.com\/futbol\/wp-json\/wp\/v2\/comments?post=513472"}],"version-history":[{"count":1,"href":"http:\/\/desarrollo.grupomedios.com\/futbol\/wp-json\/wp\/v2\/posts\/513472\/revisions"}],"predecessor-version":[{"id":513474,"href":"http:\/\/desarrollo.grupomedios.com\/futbol\/wp-json\/wp\/v2\/posts\/513472\/revisions\/513474"}],"wp:featuredmedia":[{"embeddable":true,"href":"http:\/\/desarrollo.grupomedios.com\/futbol\/wp-json\/wp\/v2\/media\/513473"}],"wp:attachment":[{"href":"http:\/\/desarrollo.grupomedios.com\/futbol\/wp-json\/wp\/v2\/media?parent=513472"}],"wp:term":[{"taxonomy":"category","embeddable":true,"href":"http:\/\/desarrollo.grupomedios.com\/futbol\/wp-json\/wp\/v2\/categories?post=513472"},{"taxonomy":"post_tag","embeddable":true,"href":"http:\/\/desarrollo.grupomedios.com\/futbol\/wp-json\/wp\/v2\/tags?post=513472"}],"curies":[{"name":"wp","href":"https:\/\/api.w.org\/{rel}","templated":true}]}}