{"id":513479,"date":"2018-01-03T10:24:45","date_gmt":"2018-01-03T16:24:45","guid":{"rendered":"https:\/\/www.futboltotal.com.mx\/?p=513479"},"modified":"2018-01-03T10:24:45","modified_gmt":"2018-01-03T16:24:45","slug":"zinedine-zidane-me-veo-seis-meses-en-madrid","status":"publish","type":"post","link":"http:\/\/desarrollo.grupomedios.com\/futbol\/futbol-internacional\/zinedine-zidane-me-veo-seis-meses-en-madrid\/2018\/01","title":{"rendered":"Zinedine Zidane: &#8220;No me veo m\u00e1s de seis meses en el Madrid&#8221;"},"content":{"rendered":"<p><strong>Zinedine Zidane<\/strong>, entrenador del <strong>Real Madrid<\/strong>, habl\u00f3 este mi\u00e9rcoles sobre su futuro y reconoci\u00f3 que en este club nunca se sabe cu\u00e1nto tiempo puede permanecer un t\u00e9cnico en el banquillo y reconoci\u00f3 que no piensa m\u00e1s all\u00e1 de los pr\u00f3ximos seis meses que restan de temporada.<\/p>\n<p>El t\u00e9cnico franc\u00e9s cumplir\u00e1 este jueves ante el <strong>Numancia<\/strong>, durante el partido de ida de los <strong>octavos de final de la Copa del Rey<\/strong>, su segundo a\u00f1o al frente del Real Madrid. Preguntado en rueda de prensa por el tiempo que cree que estar\u00e1 en la entidad madridista, Zidane reconoci\u00f3 que desconoce qu\u00e9 pasar\u00e1 en junio.<\/p>\n<p>&#8220;La pena es que aqu\u00ed no se sabe. Voy a intentar acabar la temporada de la mejor manera. Tenemos muchas posibilidades de ganar otra vez. Es lo que me anima. No veo m\u00e1s all\u00e1 de los seis meses que tengo por delante&#8221;, dijo.<\/p>\n<p style=\"text-align: center;\"><span style=\"color: #3366ff;\"><a href=\"https:\/\/www.futboltotal.com.mx\/futbol-internacional\/liga-de-espana\/real-madrid-pagaria-millonada-eden-hazard\/2018\/01\">VER M\u00c1S: Real Madrid pagar\u00eda millonada por Eden Hazard<\/a><\/span><\/p>\n<p>Asimismo, reconoci\u00f3 que aunque haya ganado muchos t\u00edtulos desde que lleg\u00f3 al Real Madrid, siempre tiene m\u00e1s ganas de conseguir m\u00e1s trofeos porque &#8220;el apetito viene&#8221; cuanto m\u00e1s &#8220;comen&#8221; en el club.<\/p>\n<p>&#8220;Cuantas m\u00e1s victorias, m\u00e1s queremos y no nos cansamos de ganar. Estando en el Real Madrid podemos tratar de remontar ante las dificultades. Voy a empezar mi tercer a\u00f1o y pase lo que pase a final de temporada habr\u00e1n pasado dos y medio. En junio veremos lo que pasa y en los pr\u00f3ximos seis meses tendr\u00e9 la energ\u00eda necesaria&#8221;, apunt\u00f3.<\/p>\n<p>Adem\u00e1s, tambi\u00e9n habl\u00f3 sobre el mercado de fichajes de invierno y reconoci\u00f3 que este martes se reuni\u00f3 con el presidente <strong>Florentino P\u00e9rez<\/strong> para hablar sobre ese tema. Del encuentro entre ambos, desvel\u00f3 que pidi\u00f3 al m\u00e1ximo mandatario madridista que no salga ninguno de los jugadores de la actual plantilla.<\/p>\n<p>&#8220;Hablamos de todo, pudimos hablar tambi\u00e9n de los refuerzos. Hoy en d\u00eda, no va a haber fichajes. Luego puede pasar de todo hasta el 31. Puede que venga alguien. Lo que no quiero es que salga alg\u00fan jugador de la plantilla. Al inicio de temporada, un entrenador monta su plantilla. Yo estoy contento con ella pase lo que pase. Vamos a pelear juntos hasta el final. Hasta el 31 veremos&#8221;.<\/p>\n<p style=\"text-align: center;\"><span style=\"color: #3366ff;\"><a href=\"https:\/\/www.futboltotal.com.mx\/futbol-mexicano\/liga-mx\/america-ya-tendria-a-jeremy-menez-800-mil-euros\/2018\/01\">VER M\u00c1S: Am\u00e9rica ya tendr\u00eda a J\u00e9r\u00e9my M\u00e9nez por 800 mil euros<\/a><\/span><\/p>\n<p>Zidane insisti\u00f3 en que &#8220;pelear\u00e1&#8221; con los jugadores que tiene en estos momentos para disputar los tres t\u00edtulos que a\u00fan puede conseguir, aunque dej\u00f3 claro que hasta el 31 de enero el club puede hacer alg\u00fan fichaje.<\/p>\n<p>&#8220;Eso es as\u00ed y todo puede ocurrir. Estoy muy satisfecho con mi plantilla, eso es lo importante pase lo que pase. Es verdad que puede pasar de todo. He creado esta plantilla y asumo todo lo que hice. No voy a echar la culpa a lo que sea si no van bien las cosas como ha sido el caso en algunos partidos. Seguimos vivos en las tres competiciones, lo digo con fuerza y determinaci\u00f3n. En junio veremos lo que pasa, pero ahora mismo estamos aqu\u00ed presente&#8221;.<\/p>\n<p>Por \u00faltimo, dijo que no le gusta hablar de jugadores que no est\u00e1n en el Real Madrid y no quiso opinar sobre la posible llegada al club blanco del portero del <strong>Athletic<\/strong> <strong>Kepa Arrizabalaga<\/strong>:<\/p>\n<p>&#8220;Con todo el respeto, no es jugador del Real Madrid. Pienso en mis jugadores y en mis porteros. Es lo \u00fanico que puedo contestar&#8221;. EFE<\/p>\n","protected":false},"excerpt":{"rendered":"<p>El t\u00e9cnico Merengue asegur\u00f3 que no sabe qu\u00e9 pasar\u00e1 con su futuro.<\/p>\n","protected":false},"author":129,"featured_media":509680,"comment_status":"closed","ping_status":"closed","sticky":false,"template":"","format":"standard","meta":[],"categories":[3839,3844],"tags":[6214,5988,2215],"_links":{"self":[{"href":"http:\/\/desarrollo.grupomedios.com\/futbol\/wp-json\/wp\/v2\/posts\/513479"}],"collection":[{"href":"http:\/\/desarrollo.grupomedios.com\/futbol\/wp-json\/wp\/v2\/posts"}],"about":[{"href":"http:\/\/desarrollo.grupomedios.com\/futbol\/wp-json\/wp\/v2\/types\/post"}],"author":[{"embeddable":true,"href":"http:\/\/desarrollo.grupomedios.com\/futbol\/wp-json\/wp\/v2\/users\/129"}],"replies":[{"embeddable":true,"href":"http:\/\/desarrollo.grupomedios.com\/futbol\/wp-json\/wp\/v2\/comments?post=513479"}],"version-history":[{"count":1,"href":"http:\/\/desarrollo.grupomedios.com\/futbol\/wp-json\/wp\/v2\/posts\/513479\/revisions"}],"predecessor-version":[{"id":513482,"href":"http:\/\/desarrollo.grupomedios.com\/futbol\/wp-json\/wp\/v2\/posts\/513479\/revisions\/513482"}],"wp:featuredmedia":[{"embeddable":true,"href":"http:\/\/desarrollo.grupomedios.com\/futbol\/wp-json\/wp\/v2\/media\/509680"}],"wp:attachment":[{"href":"http:\/\/desarrollo.grupomedios.com\/futbol\/wp-json\/wp\/v2\/media?parent=513479"}],"wp:term":[{"taxonomy":"category","embeddable":true,"href":"http:\/\/desarrollo.grupomedios.com\/futbol\/wp-json\/wp\/v2\/categories?post=513479"},{"taxonomy":"post_tag","embeddable":true,"href":"http:\/\/desarrollo.grupomedios.com\/futbol\/wp-json\/wp\/v2\/tags?post=513479"}],"curies":[{"name":"wp","href":"https:\/\/api.w.org\/{rel}","templated":true}]}}