{"id":513483,"date":"2018-01-03T10:37:26","date_gmt":"2018-01-03T16:37:26","guid":{"rendered":"https:\/\/www.futboltotal.com.mx\/?p=513483"},"modified":"2018-01-03T10:37:26","modified_gmt":"2018-01-03T16:37:26","slug":"luciano-vietto-dejara-atletico-madrid-ir-al-valencia","status":"publish","type":"post","link":"http:\/\/desarrollo.grupomedios.com\/futbol\/futbol-internacional\/luciano-vietto-dejara-atletico-madrid-ir-al-valencia\/2018\/01","title":{"rendered":"Luciano Vietto dejar\u00e1 el Atl\u00e9tico de Madrid para ir al Valencia"},"content":{"rendered":"<p>El delantero argentino <strong>Luciano Vietto<\/strong> aterriz\u00f3 este mi\u00e9rcoles en el aeropuerto de <strong>Manises<\/strong> para pasar la revisi\u00f3n m\u00e9dica y completar su fichaje por el <strong>Valencia<\/strong>.<\/p>\n<p>Vietto lleg\u00f3 a Valencia poco antes de las doce del mediod\u00eda para completar su fichaje, ya que, en principio, ser\u00eda cedido por el <strong>Atl\u00e9tico de Madrid<\/strong> y el Valencia se reservar\u00eda una opci\u00f3n de compra al final de la presente temporada.<\/p>\n<p>El jugador argentino confes\u00f3 ante los medios de comunicaci\u00f3n que le esperaban que la llamada del t\u00e9cnico <strong>Marcelino Garc\u00eda Toral<\/strong>, con quien ya coincidi\u00f3 en el <strong>Villarreal<\/strong>, fue determinante para concretar su llegada al equipo valenciano.<\/p>\n<p style=\"text-align: center;\"><span style=\"color: #3366ff;\"><a href=\"https:\/\/www.futboltotal.com.mx\/futbol-mexicano\/liga-mx\/america-ya-tendria-a-jeremy-menez-800-mil-euros\/2018\/01\">VER M\u00c1S: Am\u00e9rica ya tendr\u00eda a J\u00e9r\u00e9my M\u00e9nez por 800 mil euros<\/a><\/span><\/p>\n<p>&#8220;Estoy muy contento, ten\u00eda muchas ganas de llegar a Valencia. Ten\u00eda ganas de venir, estuve hablando con \u00e9l y la llamada de Marcelino fue muy importante&#8221;, dijo brevemente en la terminal del aeropuerto de Manises.<\/p>\n<p>Adem\u00e1s, el delantero de 24 a\u00f1os todav\u00eda no quiso asegurar si podr\u00e1 debutar este pr\u00f3ximo s\u00e1bado ante el <strong>Girona<\/strong> en Liga con la camiseta del Valencia.<\/p>\n<p>&#8220;Ojal\u00e1 pueda dar lo mejor. Todav\u00eda es pronto, pero ojal\u00e1 pueda pasar la revisi\u00f3n m\u00e9dica. Todav\u00eda falta la firma pero cuando pase todo eso me pondr\u00e9 a pensar en el fin de semana&#8221;, finaliz\u00f3. EFE<\/p>\n","protected":false},"excerpt":{"rendered":"<p>Los Che sumar\u00e1n otro pr\u00e9stamo m\u00e1s a su plantel.<\/p>\n","protected":false},"author":129,"featured_media":513484,"comment_status":"closed","ping_status":"closed","sticky":false,"template":"","format":"standard","meta":[],"categories":[3839,3844],"tags":[6007,6214,10968,11493],"_links":{"self":[{"href":"http:\/\/desarrollo.grupomedios.com\/futbol\/wp-json\/wp\/v2\/posts\/513483"}],"collection":[{"href":"http:\/\/desarrollo.grupomedios.com\/futbol\/wp-json\/wp\/v2\/posts"}],"about":[{"href":"http:\/\/desarrollo.grupomedios.com\/futbol\/wp-json\/wp\/v2\/types\/post"}],"author":[{"embeddable":true,"href":"http:\/\/desarrollo.grupomedios.com\/futbol\/wp-json\/wp\/v2\/users\/129"}],"replies":[{"embeddable":true,"href":"http:\/\/desarrollo.grupomedios.com\/futbol\/wp-json\/wp\/v2\/comments?post=513483"}],"version-history":[{"count":1,"href":"http:\/\/desarrollo.grupomedios.com\/futbol\/wp-json\/wp\/v2\/posts\/513483\/revisions"}],"predecessor-version":[{"id":513485,"href":"http:\/\/desarrollo.grupomedios.com\/futbol\/wp-json\/wp\/v2\/posts\/513483\/revisions\/513485"}],"wp:featuredmedia":[{"embeddable":true,"href":"http:\/\/desarrollo.grupomedios.com\/futbol\/wp-json\/wp\/v2\/media\/513484"}],"wp:attachment":[{"href":"http:\/\/desarrollo.grupomedios.com\/futbol\/wp-json\/wp\/v2\/media?parent=513483"}],"wp:term":[{"taxonomy":"category","embeddable":true,"href":"http:\/\/desarrollo.grupomedios.com\/futbol\/wp-json\/wp\/v2\/categories?post=513483"},{"taxonomy":"post_tag","embeddable":true,"href":"http:\/\/desarrollo.grupomedios.com\/futbol\/wp-json\/wp\/v2\/tags?post=513483"}],"curies":[{"name":"wp","href":"https:\/\/api.w.org\/{rel}","templated":true}]}}