{"id":513503,"date":"2018-01-03T12:45:53","date_gmt":"2018-01-03T18:45:53","guid":{"rendered":"https:\/\/www.futboltotal.com.mx\/?p=513503"},"modified":"2018-01-03T12:53:57","modified_gmt":"2018-01-03T18:53:57","slug":"cruz-azul-busca-a-joao-pedro-del-cagliari","status":"publish","type":"post","link":"http:\/\/desarrollo.grupomedios.com\/futbol\/futbol-mexicano\/cruz-azul-busca-a-joao-pedro-del-cagliari\/2018\/01","title":{"rendered":"Cruz Azul busca a Joao Pedro del Cagliari"},"content":{"rendered":"<p>El <a href=\"https:\/\/www.futboltotal.com.mx\/futbol-mexicano\/liga-mx\/quien-es-walter-montoya-nuevo-fichaje-cruz-azul\/2017\/12\" target=\"_blank\" rel=\"noopener\"><strong>Cruz Azul<\/strong> <\/a>todav\u00eda est\u00e1 en busca de refuerzos de cara al <strong>Clausura 2018<\/strong>, a pesar que el torneo ya est\u00e1 a la vuelta de la esquina, el cuadro cementero ya hizo incorporaciones importantes para este semestre pero todav\u00eda estar\u00eda buscando apuntalar su ataque, en este caso con el mediocampista ofensivo, <strong>Joao Pedro,<\/strong> quien llegar\u00eda directo de la <strong>Serie A<\/strong>.<\/p>\n<p style=\"text-align: center;\"><a href=\"https:\/\/www.futboltotal.com.mx\/futbol-mexicano\/liga-mx\/america-ya-tendria-a-jeremy-menez-800-mil-euros\/2018\/01\">VER M\u00c1S: Am\u00e9rica ya tendr\u00eda a J\u00e9r\u00e9my M\u00e9nez por 800 mil euros<\/a><\/p>\n<p>El futbolista brasile\u00f1o de <strong>25 a\u00f1os<\/strong> que milita actualmente en el <strong>Cagliari<\/strong> ser\u00eda el jugador que desea incorporar el cuadro cementero como \u00faltimo refuerzo de cara al siguiente torneo y con el que tendr\u00eda completo un aut\u00e9ntico arsenal al ataque y ya habr\u00edan puesto una oferta sobre la mesa aunque no lo tendr\u00e1n f\u00e1cil pues la Fiorentina tambi\u00e9n ha mostrado inter\u00e9s por el futbolista. En la presente temporada ha jugado <strong>17 partidos anotando 5 goles<\/strong>, en el 2017 ha hecho <strong>12 anotaciones<\/strong> y milita en Italia desde el 2014.<\/p>\n<p><strong>LAS OTRAS OPCIONES<\/strong><\/p>\n<p>En caso de no concretar la llegada del jugador de la Serie A los cementeros tendr\u00edan en la mira a\u00a0<strong>Gabriel Appelt Pires<\/strong> jugador brasile\u00f1o de 24 a\u00f1os que milita en el\u00a0<strong>Club Deportivo Legan\u00e9s<\/strong>\u00a0de Espa\u00f1a; por otro lado tambi\u00e9n se ha hablado de<strong> Federico Mancuello<\/strong>, actual futbolista de <strong>Flamengo en Brasil<\/strong>, lo que parece un hecho es que la <a href=\"https:\/\/www.futboltotal.com.mx\/futbol-mexicano\/liga-mx\/pedro-caixinha-estara-en-debut-cruz-azul\/2018\/01\" target=\"_blank\" rel=\"noopener\"><strong>M\u00e1quina<\/strong><\/a> est\u00e1 buscando un mediocampista ofensivo que conecte con la delantera, funci\u00f3n que desempe\u00f1\u00f3 por a\u00f1os <strong>Christian &#8216;Chaco&#8217; Gim\u00e9nez<\/strong>.<\/p>\n<p style=\"text-align: center;\"><a href=\"https:\/\/www.futboltotal.com.mx\/futbol-mexicano\/liga-mx\/america-pide-demasiado-dinero-silvio-romero\/2018\/01\">VER M\u00c1S: Am\u00e9rica pide demasiado dinero por Silvio Romero<\/a><\/p>\n","protected":false},"excerpt":{"rendered":"<p>El brasile\u00f1o ser\u00eda la \u00faltima pieza para armarse en este Clausura 2018<\/p>\n","protected":false},"author":159,"featured_media":513505,"comment_status":"closed","ping_status":"closed","sticky":false,"template":"","format":"standard","meta":[],"categories":[2198,3845],"tags":[1903,5962,6580,11506,11505,64],"_links":{"self":[{"href":"http:\/\/desarrollo.grupomedios.com\/futbol\/wp-json\/wp\/v2\/posts\/513503"}],"collection":[{"href":"http:\/\/desarrollo.grupomedios.com\/futbol\/wp-json\/wp\/v2\/posts"}],"about":[{"href":"http:\/\/desarrollo.grupomedios.com\/futbol\/wp-json\/wp\/v2\/types\/post"}],"author":[{"embeddable":true,"href":"http:\/\/desarrollo.grupomedios.com\/futbol\/wp-json\/wp\/v2\/users\/159"}],"replies":[{"embeddable":true,"href":"http:\/\/desarrollo.grupomedios.com\/futbol\/wp-json\/wp\/v2\/comments?post=513503"}],"version-history":[{"count":3,"href":"http:\/\/desarrollo.grupomedios.com\/futbol\/wp-json\/wp\/v2\/posts\/513503\/revisions"}],"predecessor-version":[{"id":513508,"href":"http:\/\/desarrollo.grupomedios.com\/futbol\/wp-json\/wp\/v2\/posts\/513503\/revisions\/513508"}],"wp:featuredmedia":[{"embeddable":true,"href":"http:\/\/desarrollo.grupomedios.com\/futbol\/wp-json\/wp\/v2\/media\/513505"}],"wp:attachment":[{"href":"http:\/\/desarrollo.grupomedios.com\/futbol\/wp-json\/wp\/v2\/media?parent=513503"}],"wp:term":[{"taxonomy":"category","embeddable":true,"href":"http:\/\/desarrollo.grupomedios.com\/futbol\/wp-json\/wp\/v2\/categories?post=513503"},{"taxonomy":"post_tag","embeddable":true,"href":"http:\/\/desarrollo.grupomedios.com\/futbol\/wp-json\/wp\/v2\/tags?post=513503"}],"curies":[{"name":"wp","href":"https:\/\/api.w.org\/{rel}","templated":true}]}}