{"id":513513,"date":"2018-01-03T14:34:14","date_gmt":"2018-01-03T20:34:14","guid":{"rendered":"https:\/\/www.futboltotal.com.mx\/?p=513513"},"modified":"2018-01-03T14:34:14","modified_gmt":"2018-01-03T20:34:14","slug":"cesar-montes-esta-en-la-mira-del-inter-milan","status":"publish","type":"post","link":"http:\/\/desarrollo.grupomedios.com\/futbol\/futbol-mexicano\/cesar-montes-esta-en-la-mira-del-inter-milan\/2018\/01","title":{"rendered":"C\u00e9sar Montes est\u00e1 en la mira del Inter de Milan"},"content":{"rendered":"<p>El defensa central de <a href=\"https:\/\/www.futboltotal.com.mx\/futbol-mexicano\/liga-mx\/carlos-sanchez-dejaria-rayados-san-lorenzo\/2018\/01\" target=\"_blank\" rel=\"noopener\"><strong>Rayados de Monterrey<\/strong><\/a>, <strong>C\u00e9sar Montes<\/strong> se encuentra en la mira del<strong> Internazionale de Milan<\/strong>, quien desea llevarlo a la <strong>Serie A<\/strong> como refuerzo en el mercado invernal luego que los\u00a0nerazzurri tuvieran dificultades para defenderse en las \u00faltimas fechas y decidieran que hab\u00eda necesidad de fortalecer esa parte.<\/p>\n<p style=\"text-align: center;\"><a href=\"https:\/\/www.futboltotal.com.mx\/futbol-mexicano\/liga-mx\/gullit-pena-cerca-llegar-al-cruz-azul\/2018\/01\">VER M\u00c1S: Gullit Pe\u00f1a, muy cerca de llegar al Cruz Azul<\/a><\/p>\n<p>Desde Italia informan que el canterano de los <a href=\"https:\/\/www.futboltotal.com.mx\/futbol-mexicano\/liga-mx\/racing-san-lorenzo-van-stefan-medina\/2017\/12\" target=\"_blank\" rel=\"noopener\">Rayados <\/a>es una de las opciones del estratega\u00a0<strong>Luciano Spalletti\u00a0<\/strong>para suplir la baja de\u00a0<strong>Danilo D\u00b4Ambrosio\u00a0<\/strong>quien\u00a0sufre una lesi\u00f3n de primer grado en el ligamento colateral medio de la pierna izquierda, por lo que se\u00a0 ve en la necesidad de buscar defensores que puedan cumplir con esa zona.<\/p>\n<p>Sin embargo, el Inter tiene como primero en su lista para esa posici\u00f3n al holand\u00e9s <strong>De Vrij<\/strong>, actual futbolista de la <strong>Lazio<\/strong> pero su contrato termina hasta junio y la directiva no desea esperar este plazo. Las opciones inmediatas para el club italiano es el mexicano o<strong>\u00a0Fabi\u00e1n Balbuena,\u00a0<\/strong>defensor paraguayo que actualmente milita en el\u00a0<strong>Corinthians de Brasil.<\/strong><\/p>\n<p style=\"text-align: center;\"><a href=\"https:\/\/www.futboltotal.com.mx\/futbol-mexicano\/liga-mx\/america-ya-tendria-a-jeremy-menez-800-mil-euros\/2018\/01\">VER M\u00c1S: Am\u00e9rica ya tendr\u00eda a J\u00e9r\u00e9my M\u00e9nez por 800 mil euros<\/a><\/p>\n<p>Con informaci\u00f3n de\u00a0Gazzetta dello Sport, r\u00e9cord<\/p>\n","protected":false},"excerpt":{"rendered":"<p>El defensa mexicano podr\u00eda llegar al balompi\u00e9 de Italia <\/p>\n","protected":false},"author":159,"featured_media":513514,"comment_status":"closed","ping_status":"closed","sticky":false,"template":"","format":"standard","meta":[],"categories":[2198,3845],"tags":[7096,227,64,1329,5958],"_links":{"self":[{"href":"http:\/\/desarrollo.grupomedios.com\/futbol\/wp-json\/wp\/v2\/posts\/513513"}],"collection":[{"href":"http:\/\/desarrollo.grupomedios.com\/futbol\/wp-json\/wp\/v2\/posts"}],"about":[{"href":"http:\/\/desarrollo.grupomedios.com\/futbol\/wp-json\/wp\/v2\/types\/post"}],"author":[{"embeddable":true,"href":"http:\/\/desarrollo.grupomedios.com\/futbol\/wp-json\/wp\/v2\/users\/159"}],"replies":[{"embeddable":true,"href":"http:\/\/desarrollo.grupomedios.com\/futbol\/wp-json\/wp\/v2\/comments?post=513513"}],"version-history":[{"count":1,"href":"http:\/\/desarrollo.grupomedios.com\/futbol\/wp-json\/wp\/v2\/posts\/513513\/revisions"}],"predecessor-version":[{"id":513515,"href":"http:\/\/desarrollo.grupomedios.com\/futbol\/wp-json\/wp\/v2\/posts\/513513\/revisions\/513515"}],"wp:featuredmedia":[{"embeddable":true,"href":"http:\/\/desarrollo.grupomedios.com\/futbol\/wp-json\/wp\/v2\/media\/513514"}],"wp:attachment":[{"href":"http:\/\/desarrollo.grupomedios.com\/futbol\/wp-json\/wp\/v2\/media?parent=513513"}],"wp:term":[{"taxonomy":"category","embeddable":true,"href":"http:\/\/desarrollo.grupomedios.com\/futbol\/wp-json\/wp\/v2\/categories?post=513513"},{"taxonomy":"post_tag","embeddable":true,"href":"http:\/\/desarrollo.grupomedios.com\/futbol\/wp-json\/wp\/v2\/tags?post=513513"}],"curies":[{"name":"wp","href":"https:\/\/api.w.org\/{rel}","templated":true}]}}