{"id":513520,"date":"2018-01-03T18:02:55","date_gmt":"2018-01-04T00:02:55","guid":{"rendered":"https:\/\/www.futboltotal.com.mx\/?p=513520"},"modified":"2018-01-03T18:02:55","modified_gmt":"2018-01-04T00:02:55","slug":"jemez-vive-la-maldicion-cruz-azul-en-debut-las-palmas","status":"publish","type":"post","link":"http:\/\/desarrollo.grupomedios.com\/futbol\/destacado-home\/jemez-vive-la-maldicion-cruz-azul-en-debut-las-palmas\/2018\/01","title":{"rendered":"J\u00e9mez vive la maldici\u00f3n de Cruz Azul en su debut con Las Palmas"},"content":{"rendered":"<p>El entrenador espa\u00f1ol <strong>Paco J\u00e9mez<\/strong> parece que se llev\u00f3 una de las maldiciones que persigue a la <strong>M\u00e1quina de Cruz Azul<\/strong>, la de dejar ir los juegos en los \u00faltimos minutos.<\/p>\n<p>Su nuevo equipo, Las Palmas igual\u00f3 1-1 al <strong>Valencia<\/strong> en el duelo de ida de los octavos de final de la <strong>Copa del Rey<\/strong>, en el primer juego de la era Paco J\u00e9mez.<span id=\"ctl14_lblMostra\"><\/span><\/p>\n<p>El equipo grancanario, con el estreno de Paco J\u00e9mez en el banquillo, ofreci\u00f3 una buena imagen en el periodo inicial, muy distinta a lo visto hasta ahora, con personalidad con el bal\u00f3n, presi\u00f3n valiente en campo contrario y recuperaciones r\u00e1pidas, adem\u00e1s de no pasar por excesivos agobios en su porter\u00eda, pese a un gol anulado a <strong>Ezequiel Garay<\/strong> por falta previa de Kondogbia.<\/p>\n<p style=\"text-align: center;\"><span id=\"ctl14_lblMostra\"><span style=\"color: #333399;\"><a href=\"https:\/\/www.futboltotal.com.mx\/destacado-home\/arsenal-2-chelsea-2-premier-league-2018-resumen\/2018\/01\">VER M\u00c1S: <span class=\"item-title\">Arsenal logra empate ag\u00f3nico ante el Chelsea<\/span><\/a><\/span><\/span><\/p>\n<p style=\"text-align: left;\"><span id=\"ctl14_lblMostra\">El conjunto amarillo, donde brill\u00f3 el central debutante Alejandro G\u00e1lvez, encontr\u00f3 su premio en el minuto 36 tras un centro de Borja Herrera que <strong>Calleri,<\/strong> adelant\u00e1ndose a Lato, cruz\u00f3 a la red.<\/span><\/p>\n<p>Antes de ese tanto del argentino, Zaza hab\u00eda probado a Chichizola con un zurdazo lejano que ataj\u00f3 el portero, aunque las mejores ocasiones visitantes llegaron antes del descanso, con otro disparo lejano, esta vez de <strong>Santi Mina<\/strong>, que tambi\u00e9n detuvo Chichizola, aunque en dos tiempos, y un tiro desviado de Maksimovic en buena posici\u00f3n en el centro del \u00e1rea, tras un servicio de Andreas Pereira.<\/p>\n<p>La segunda parte comenz\u00f3 con Parejo como director de orquesta de un equipo valencianista, dirigido hoy por <strong>Rub\u00e9n Ur\u00eda<\/strong>, que empez\u00f3 a parecerse m\u00e1s a s\u00ed mismo en este periodo, pero al que le falt\u00f3 fluidez, precisi\u00f3n y colmillo en el \u00faltimo tercio de campo.<\/p>\n<p style=\"text-align: center;\"><span id=\"ctl14_lblMostra\"><span style=\"color: #333399;\"><a href=\"https:\/\/www.futboltotal.com.mx\/futbol-internacional\/luciano-vietto-dejara-atletico-madrid-ir-al-valencia\/2018\/01\">VER M\u00c1S: <\/a><\/span><\/span><span id=\"ctl14_lblMostra\"><span style=\"color: #333399;\"><a href=\"https:\/\/www.futboltotal.com.mx\/futbol-internacional\/luciano-vietto-dejara-atletico-madrid-ir-al-valencia\/2018\/01\"><span class=\"item-title\">Luciano Vietto dejar\u00e1 el Atl\u00e9tico de Madrid para ir al Valencia<\/span><\/a><\/span><\/span><\/p>\n<p style=\"text-align: left;\"><span id=\"ctl14_lblMostra\">Para tratar de solucionarlo entr\u00f3 Rodrigo Moreno por un desaparecido <strong>Andreas Pereira<\/strong>, con el fin de formar pareja de ataque con un Zaza que intent\u00f3 una vaselina lejana que se march\u00f3 fuera cuando ten\u00eda un mano a mano ante el portero al que renunci\u00f3 con una opci\u00f3n mucho m\u00e1s est\u00e9tica pero compleja.<\/span><\/p>\n<p>El propio Zaza volvi\u00f3 a estar cerca del empate tras un centro de <strong>Gonzalo Guedes<\/strong>, incorporado tambi\u00e9n a la causa atacante, pero el remate del delantero centro italiano se estrell\u00f3 en el cuerpo de David Sim\u00f3n.<\/p>\n<p>El empate que merodeaba la porter\u00eda isle\u00f1a lleg\u00f3 tras una buena jugada trenzada, con pase de Guedes a Lato y centro raso del lateral que remat\u00f3 <strong>Rodrigo<\/strong> a bocajarro, muy parecido al tanto que hab\u00eda adelantado a la Uni\u00f3n Deportiva, y que nivel\u00f3 el primer partido de esta eliminatoria que se decidir\u00e1 en Mestalla la pr\u00f3xima semana.<\/p>\n<p><iframe loading=\"lazy\" src=\"https:\/\/www.youtube.com\/embed\/pL7prkUC6H4\" frameborder=\"0\" allowfullscreen=\"allowfullscreen\"><\/iframe><\/p>\n<p><em>(Con informaci\u00f3n de EFE)<\/em><\/p>\n","protected":false},"excerpt":{"rendered":"<p>El t\u00e9cnico espa\u00f1ol pudo tener un debut so\u00f1ado con su nueva escuadra<\/p>\n","protected":false},"author":160,"featured_media":513526,"comment_status":"closed","ping_status":"closed","sticky":false,"template":"","format":"standard","meta":[],"categories":[5,3839,3844],"tags":[96,4465,7053,87],"_links":{"self":[{"href":"http:\/\/desarrollo.grupomedios.com\/futbol\/wp-json\/wp\/v2\/posts\/513520"}],"collection":[{"href":"http:\/\/desarrollo.grupomedios.com\/futbol\/wp-json\/wp\/v2\/posts"}],"about":[{"href":"http:\/\/desarrollo.grupomedios.com\/futbol\/wp-json\/wp\/v2\/types\/post"}],"author":[{"embeddable":true,"href":"http:\/\/desarrollo.grupomedios.com\/futbol\/wp-json\/wp\/v2\/users\/160"}],"replies":[{"embeddable":true,"href":"http:\/\/desarrollo.grupomedios.com\/futbol\/wp-json\/wp\/v2\/comments?post=513520"}],"version-history":[{"count":1,"href":"http:\/\/desarrollo.grupomedios.com\/futbol\/wp-json\/wp\/v2\/posts\/513520\/revisions"}],"predecessor-version":[{"id":513527,"href":"http:\/\/desarrollo.grupomedios.com\/futbol\/wp-json\/wp\/v2\/posts\/513520\/revisions\/513527"}],"wp:featuredmedia":[{"embeddable":true,"href":"http:\/\/desarrollo.grupomedios.com\/futbol\/wp-json\/wp\/v2\/media\/513526"}],"wp:attachment":[{"href":"http:\/\/desarrollo.grupomedios.com\/futbol\/wp-json\/wp\/v2\/media?parent=513520"}],"wp:term":[{"taxonomy":"category","embeddable":true,"href":"http:\/\/desarrollo.grupomedios.com\/futbol\/wp-json\/wp\/v2\/categories?post=513520"},{"taxonomy":"post_tag","embeddable":true,"href":"http:\/\/desarrollo.grupomedios.com\/futbol\/wp-json\/wp\/v2\/tags?post=513520"}],"curies":[{"name":"wp","href":"https:\/\/api.w.org\/{rel}","templated":true}]}}