{"id":513524,"date":"2018-01-03T17:37:09","date_gmt":"2018-01-03T23:37:09","guid":{"rendered":"https:\/\/www.futboltotal.com.mx\/?p=513524"},"modified":"2018-01-03T17:51:30","modified_gmt":"2018-01-03T23:51:30","slug":"heredero-del-10-del-chaco-gimenez-en-cruz-azul","status":"publish","type":"post","link":"http:\/\/desarrollo.grupomedios.com\/futbol\/destacado-home\/heredero-del-10-del-chaco-gimenez-en-cruz-azul\/2018\/01","title":{"rendered":"El heredero del 10 del Chaco Gim\u00e9nez en Cruz Azul"},"content":{"rendered":"<p>Los aficionados de <strong>Cruz Azul<\/strong> se llenar\u00e1n de tristeza cuando vean que el jugador n\u00famero 10 no ser\u00e1 m\u00e1s el <strong>Chaco Gim\u00e9nez<\/strong> y a partir del <strong>Clausura 2018<\/strong> tendr\u00e1 un nuevo futbolista que porte este dorsal.<\/p>\n<p>El nuevo jugador de <strong>la M\u00e1quina<\/strong>,<strong> Walter Montoya<\/strong>, ha adelantado que usar\u00e1 el n\u00famero que ten\u00eda <strong>Christian<\/strong> hasta el pasado torneo de <strong>Apertura 2017<\/strong>.<\/p>\n<p>En su cuenta de Twitter, el delantero habl\u00f3 del privilegio que representa portar le n\u00famero de honor en el equipo celeste que arranca su participaci\u00f3n este s\u00e1bado ante<strong> Tijuana<\/strong>.<\/p>\n<p style=\"text-align: center;\"><span style=\"color: #3366ff;\"><a href=\"https:\/\/www.futboltotal.com.mx\/futbol-mexicano\/liga-mx\/gullit-pena-cerca-llegar-al-cruz-azul\/2018\/01\">VER M\u00c1S: Gullit Pe\u00f1a, muy cerca de llegar al Cruz Azul<\/a><\/span><\/p>\n<p>&#8220;Es una satisfacci\u00f3n enorme, soy un privilegiado y dejar\u00e9 el alma para demostrarle al pueblo cementero y sobre todo a mi colega Chaco que la #10 se va a transpirar&#8221;, dijo el argentino, quien lleg\u00f3 a <strong>M\u00e9xico<\/strong> la semana pasada y todav\u00eda no tiene su visa de trabajo.<\/p>\n<p>En los entrenamientos de esta semana, el habilidoso delantero ha estado realizando trabajos aparte de sus compa\u00f1eros para ponerse en ritmo mientras alista sus documentos para el debut con la M\u00e1quina<\/p>\n<blockquote class=\"twitter-tweet\" data-data-dnt=\"true\">\n<p lang=\"es\" dir=\"ltr\">Una satisfacci\u00f3n enorme, soy un privilegiado y dejare el alma para demostrarle al pueblo cementero y sobre todo a mi colega <a href=\"https:\/\/twitter.com\/chaco_81?ref_src=twsrc%5Etfw\">@chaco_81<\/a> que la #10 se va a transpirar \ud83d\udcaa <a href=\"https:\/\/t.co\/tqj3WqunfZ\">pic.twitter.com\/tqj3WqunfZ<\/a><\/p>\n<p>&mdash; Walter Montoya (@Chaque_Montoya) <a href=\"https:\/\/twitter.com\/Chaque_Montoya\/status\/948627991885680640?ref_src=twsrc%5Etfw\">January 3, 2018<\/a><\/p><\/blockquote>\n<p><script async src=\"https:\/\/platform.twitter.com\/widgets.js\" charset=\"utf-8\"><\/script><\/p>\n","protected":false},"excerpt":{"rendered":"<p>Uno de los refuerzos celestes portar\u00e1 el n\u00famero que dej\u00f3 el Chaco.<\/p>\n","protected":false},"author":129,"featured_media":494276,"comment_status":"closed","ping_status":"closed","sticky":false,"template":"","format":"standard","meta":[],"categories":[5,2198,3845],"tags":[368,5962,3883,64],"_links":{"self":[{"href":"http:\/\/desarrollo.grupomedios.com\/futbol\/wp-json\/wp\/v2\/posts\/513524"}],"collection":[{"href":"http:\/\/desarrollo.grupomedios.com\/futbol\/wp-json\/wp\/v2\/posts"}],"about":[{"href":"http:\/\/desarrollo.grupomedios.com\/futbol\/wp-json\/wp\/v2\/types\/post"}],"author":[{"embeddable":true,"href":"http:\/\/desarrollo.grupomedios.com\/futbol\/wp-json\/wp\/v2\/users\/129"}],"replies":[{"embeddable":true,"href":"http:\/\/desarrollo.grupomedios.com\/futbol\/wp-json\/wp\/v2\/comments?post=513524"}],"version-history":[{"count":1,"href":"http:\/\/desarrollo.grupomedios.com\/futbol\/wp-json\/wp\/v2\/posts\/513524\/revisions"}],"predecessor-version":[{"id":513525,"href":"http:\/\/desarrollo.grupomedios.com\/futbol\/wp-json\/wp\/v2\/posts\/513524\/revisions\/513525"}],"wp:featuredmedia":[{"embeddable":true,"href":"http:\/\/desarrollo.grupomedios.com\/futbol\/wp-json\/wp\/v2\/media\/494276"}],"wp:attachment":[{"href":"http:\/\/desarrollo.grupomedios.com\/futbol\/wp-json\/wp\/v2\/media?parent=513524"}],"wp:term":[{"taxonomy":"category","embeddable":true,"href":"http:\/\/desarrollo.grupomedios.com\/futbol\/wp-json\/wp\/v2\/categories?post=513524"},{"taxonomy":"post_tag","embeddable":true,"href":"http:\/\/desarrollo.grupomedios.com\/futbol\/wp-json\/wp\/v2\/tags?post=513524"}],"curies":[{"name":"wp","href":"https:\/\/api.w.org\/{rel}","templated":true}]}}