{"id":513530,"date":"2018-01-03T18:52:51","date_gmt":"2018-01-04T00:52:51","guid":{"rendered":"https:\/\/www.futboltotal.com.mx\/?p=513530"},"modified":"2018-01-03T18:52:51","modified_gmt":"2018-01-04T00:52:51","slug":"urretaviscaya-quiere-balsamo-monterrey","status":"publish","type":"post","link":"http:\/\/desarrollo.grupomedios.com\/futbol\/destacado-home\/urretaviscaya-quiere-balsamo-monterrey\/2018\/01","title":{"rendered":"Urretaviscaya quiere ser el &#8220;b\u00e1lsamo&#8221; de Monterrey tras la final perdida"},"content":{"rendered":"<p>El delantero uruguayo <strong>Jonathan Urretaviscaya<\/strong>, nuevo jugador de los <strong>Rayados de Monterrey<\/strong>, afirm\u00f3 en su presentaci\u00f3n que quiere ser el futbolista que levante de nuevo la m\u00edstica de los regiomontanos.<\/p>\n<p>&#8220;S\u00e9 a lo que vengo, estoy en un equipo que est\u00e1 acostumbrado a ganar t\u00edtulos y s\u00e9 la exigencia que se tiene en esta instituci\u00f3n&#8221;, se\u00f1al\u00f3 el ex artillero.<\/p>\n<p>Urretaviscaya fue presentado como futbolista de los <em>Rayados<\/em> junto a <strong>Efra\u00edn &#8216;Chispa&#8217; Velarde<\/strong>, quien regresa al equipo despu\u00e9s de su paso por los <strong>Diablos Rojos del Toluca<\/strong>.<\/p>\n<p style=\"text-align: center;\"><span style=\"color: #333399;\"><a href=\"https:\/\/www.futboltotal.com.mx\/futbol-mexicano\/cruz-azul-busca-a-joao-pedro-del-cagliari\/2018\/01\">VER M\u00c1S: <span class=\"item-title\">Cruz Azul busca a Joao Pedro del Cagliari<\/span><\/a><\/span><\/p>\n<p>Velarde se\u00f1al\u00f3 que estaba muy contento por su regreso a Monterrey, donde ahora usar\u00e1 el n\u00famero 32, y ser\u00e1 parte de la escuadra de Antonio Mohamed.<\/p>\n<blockquote class=\"twitter-tweet\" data-lang=\"es\">\n<p dir=\"ltr\" lang=\"es\">&#x1f3e5; | Los ex\u00e1menes m\u00e9dicos de <a href=\"https:\/\/twitter.com\/chispavelarde2?ref_src=twsrc%5Etfw\">@chispavelarde2<\/a> y Jonathan Urretaviscaya concluyeron con \u00e9xito en <a href=\"https:\/\/twitter.com\/christusmx?ref_src=twsrc%5Etfw\">@christusmx<\/a> &#x1f535;\u26aa&#x1f44d; <a href=\"https:\/\/t.co\/9BwvT8HFP2\">pic.twitter.com\/9BwvT8HFP2<\/a><\/p>\n<p>\u2014 Rayados (@Rayados) <a href=\"https:\/\/twitter.com\/Rayados\/status\/948716651570171904?ref_src=twsrc%5Etfw\">4 de enero de 2018<\/a><\/p><\/blockquote>\n<p><script async src=\"https:\/\/platform.twitter.com\/widgets.js\" charset=\"utf-8\"><\/script><\/p>\n","protected":false},"excerpt":{"rendered":"<p>El uruguayo sabe que s\u00f3lo se piensa en el t\u00edtulo del futbol mexicano<\/p>\n","protected":false},"author":160,"featured_media":513531,"comment_status":"closed","ping_status":"closed","sticky":false,"template":"","format":"standard","meta":[],"categories":[5,2198,3845],"tags":[75,8350,5966],"_links":{"self":[{"href":"http:\/\/desarrollo.grupomedios.com\/futbol\/wp-json\/wp\/v2\/posts\/513530"}],"collection":[{"href":"http:\/\/desarrollo.grupomedios.com\/futbol\/wp-json\/wp\/v2\/posts"}],"about":[{"href":"http:\/\/desarrollo.grupomedios.com\/futbol\/wp-json\/wp\/v2\/types\/post"}],"author":[{"embeddable":true,"href":"http:\/\/desarrollo.grupomedios.com\/futbol\/wp-json\/wp\/v2\/users\/160"}],"replies":[{"embeddable":true,"href":"http:\/\/desarrollo.grupomedios.com\/futbol\/wp-json\/wp\/v2\/comments?post=513530"}],"version-history":[{"count":1,"href":"http:\/\/desarrollo.grupomedios.com\/futbol\/wp-json\/wp\/v2\/posts\/513530\/revisions"}],"predecessor-version":[{"id":513532,"href":"http:\/\/desarrollo.grupomedios.com\/futbol\/wp-json\/wp\/v2\/posts\/513530\/revisions\/513532"}],"wp:featuredmedia":[{"embeddable":true,"href":"http:\/\/desarrollo.grupomedios.com\/futbol\/wp-json\/wp\/v2\/media\/513531"}],"wp:attachment":[{"href":"http:\/\/desarrollo.grupomedios.com\/futbol\/wp-json\/wp\/v2\/media?parent=513530"}],"wp:term":[{"taxonomy":"category","embeddable":true,"href":"http:\/\/desarrollo.grupomedios.com\/futbol\/wp-json\/wp\/v2\/categories?post=513530"},{"taxonomy":"post_tag","embeddable":true,"href":"http:\/\/desarrollo.grupomedios.com\/futbol\/wp-json\/wp\/v2\/tags?post=513530"}],"curies":[{"name":"wp","href":"https:\/\/api.w.org\/{rel}","templated":true}]}}