{"id":513544,"date":"2018-01-04T09:47:59","date_gmt":"2018-01-04T15:47:59","guid":{"rendered":"https:\/\/www.futboltotal.com.mx\/?p=513544"},"modified":"2018-01-04T09:53:41","modified_gmt":"2018-01-04T15:53:41","slug":"darwin-quintero-dejaria-al-america-regresar-a-colombia","status":"publish","type":"post","link":"http:\/\/desarrollo.grupomedios.com\/futbol\/destacado-home\/darwin-quintero-dejaria-al-america-regresar-a-colombia\/2018\/01","title":{"rendered":"Darwin Quintero dejar\u00eda al Am\u00e9rica para regresar a Colombia"},"content":{"rendered":"<p>Las <strong>\u00c1guilas del Am\u00e9rica<\/strong> podr\u00edan concretar esta semana las posibles llegadas de <a href=\"https:\/\/www.futboltotal.com.mx\/futbol-mexicano\/liga-mx\/america-ya-tendria-a-jeremy-menez-800-mil-euros\/2018\/01\" target=\"_blank\" rel=\"noopener\"><strong>J\u00e9r\u00e9my M\u00e9nez<\/strong><\/a> y <a href=\"https:\/\/www.futboltotal.com.mx\/futbol-mexicano\/liga-mx\/luuk-jong-tendria-interes-venir-al-america\/2018\/01\" target=\"_blank\" rel=\"noopener\"><strong>Luuk de Jong<\/strong><\/a> como refuerzos bomba para el <strong>Clausura 2018<\/strong>, esto dejar\u00eda a varios elementos sin oportunidad de gozar con suficientes minutos; uno de los m\u00e1s cuestionados y que tendr\u00eda que pegar vuelta y marcharse ser\u00eda <strong>Darwin Quintero<\/strong>.<\/p>\n<p>Pretendientes no le faltan al &#8216;Cient\u00edfico del gol&#8217; y es que un equipo de su pa\u00eds tiene toda la intenci\u00f3n de repatriarlo, se trata del reciente campe\u00f3n <strong>Millonarios<\/strong>, quien desea hacerse con sus servicios, pues para la siguiente temporada tienen en puerta la <a href=\"https:\/\/www.futboltotal.com.mx\/futbol-internacional\/copa-libertadores\/libertadores-sudamericana-asi-quedaron-los-grupos\/2017\/12\" target=\"_blank\" rel=\"noopener\"><strong>Copa Libertadores<\/strong><\/a> y el estratega Miguel \u00c1ngel Russo ve con buenos ojos la incorporaci\u00f3n del delantero de 30 a\u00f1os.<\/p>\n<p><strong>LAS CONDICIONES<\/strong><\/p>\n<p>Todos saben que el el futbol mexicano los sueldos y contratos son jugosos, el problema es cuando se quieren desprender de los jugadores, pues pocos clubes tienen los recursos para pagar estas cifras tan elevadas.<\/p>\n<p>La oferta de Millonarios ser\u00eda de <strong>pr\u00e9stamo con una cl\u00e1usula<\/strong> obligatoria de compra si cumple los objetivos o metas deportivas planteadas; el sueldo ser\u00eda de <strong>3.5 millones de d\u00f3lares<\/strong>, el cual pagar\u00eda el conjunto azulcrema en un<strong> 50%<\/strong> por ser un sueldo tan elevado. Parece un mal negocio para los de Coapa pero la necesidad de desprenderse del colombiano los orillar\u00eda a tener que hacer esa transacci\u00f3n.<\/p>\n<blockquote class=\"twitter-tweet\" data-lang=\"es\">\n<p dir=\"ltr\" lang=\"es\">\u00a1Teor\u00eda de los Millones!<\/p>\n<p>La oferta de <a href=\"https:\/\/twitter.com\/MillosFCoficial?ref_src=twsrc%5Etfw\">@MillosFCoficial<\/a> por Carlos Darwin Quintero es para tenerlo a pr\u00e9stamo con opci\u00f3n de compra; y pagar cl\u00e1usulas a medida que se alcancen metas deportivas <a href=\"https:\/\/twitter.com\/hashtag\/ElAlargue?src=hash&amp;ref_src=twsrc%5Etfw\">#ElAlargue<\/a> <a href=\"https:\/\/t.co\/EgebgA2cZX\">pic.twitter.com\/EgebgA2cZX<\/a><\/p>\n<p>\u2014 Alargue Caracol (@AlargueCaracol) <a href=\"https:\/\/twitter.com\/AlargueCaracol\/status\/948530408647548928?ref_src=twsrc%5Etfw\">3 de enero de 2018<\/a><\/p><\/blockquote>\n<p><script async src=\"https:\/\/platform.twitter.com\/widgets.js\" charset=\"utf-8\"><\/script><\/p>\n","protected":false},"excerpt":{"rendered":"<p>El jugador colombiano ya no tendr\u00eda cabida con el conjunto azulcrema<\/p>\n","protected":false},"author":159,"featured_media":513545,"comment_status":"closed","ping_status":"closed","sticky":false,"template":"","format":"standard","meta":[],"categories":[5,2198,3845],"tags":[5959,284,64,166],"_links":{"self":[{"href":"http:\/\/desarrollo.grupomedios.com\/futbol\/wp-json\/wp\/v2\/posts\/513544"}],"collection":[{"href":"http:\/\/desarrollo.grupomedios.com\/futbol\/wp-json\/wp\/v2\/posts"}],"about":[{"href":"http:\/\/desarrollo.grupomedios.com\/futbol\/wp-json\/wp\/v2\/types\/post"}],"author":[{"embeddable":true,"href":"http:\/\/desarrollo.grupomedios.com\/futbol\/wp-json\/wp\/v2\/users\/159"}],"replies":[{"embeddable":true,"href":"http:\/\/desarrollo.grupomedios.com\/futbol\/wp-json\/wp\/v2\/comments?post=513544"}],"version-history":[{"count":2,"href":"http:\/\/desarrollo.grupomedios.com\/futbol\/wp-json\/wp\/v2\/posts\/513544\/revisions"}],"predecessor-version":[{"id":513547,"href":"http:\/\/desarrollo.grupomedios.com\/futbol\/wp-json\/wp\/v2\/posts\/513544\/revisions\/513547"}],"wp:featuredmedia":[{"embeddable":true,"href":"http:\/\/desarrollo.grupomedios.com\/futbol\/wp-json\/wp\/v2\/media\/513545"}],"wp:attachment":[{"href":"http:\/\/desarrollo.grupomedios.com\/futbol\/wp-json\/wp\/v2\/media?parent=513544"}],"wp:term":[{"taxonomy":"category","embeddable":true,"href":"http:\/\/desarrollo.grupomedios.com\/futbol\/wp-json\/wp\/v2\/categories?post=513544"},{"taxonomy":"post_tag","embeddable":true,"href":"http:\/\/desarrollo.grupomedios.com\/futbol\/wp-json\/wp\/v2\/tags?post=513544"}],"curies":[{"name":"wp","href":"https:\/\/api.w.org\/{rel}","templated":true}]}}