{"id":513563,"date":"2018-01-04T13:07:39","date_gmt":"2018-01-04T19:07:39","guid":{"rendered":"https:\/\/www.futboltotal.com.mx\/?p=513563"},"modified":"2018-01-04T13:07:39","modified_gmt":"2018-01-04T19:07:39","slug":"angel-reyna-quiere-triunfar-en-toluca-ir-a-rusia-2018","status":"publish","type":"post","link":"http:\/\/desarrollo.grupomedios.com\/futbol\/futbol-mexicano\/angel-reyna-quiere-triunfar-en-toluca-ir-a-rusia-2018\/2018\/01","title":{"rendered":"\u00c1ngel Reyna quiere triunfar en Toluca para ir a Rusia 2018"},"content":{"rendered":"<p><strong>\u00c1ngel Reyna<\/strong> est\u00e1 de vuelta en la <strong>Primera Divisi\u00f3n<\/strong> y agradece que su nueva oportunidad se d\u00e9 en un equipo importante como lo es <strong>Toluca<\/strong>, esto luego de su paso por <strong>Am\u00e9rica<\/strong> y <strong>Chivas<\/strong>. El canterano de las <strong>\u00c1guilas<\/strong> le atribuye a Dios que haya tenido la oportunidad con varios equipos &#8216;grandes&#8217;.<\/p>\n<p>\u201cPorque Dios es grande (lo pone en equipos importantes), estoy tocado por \u00e9l, porque me pone en estas situaciones muy bonitas. Toluca es un equipo ganador, un equipo grande, con un estadio remodelado, muy bonito. Yo estoy trabajando al m\u00e1ximo para estar lo m\u00e1s pronto posible y darle frutos a este gran equipo&#8221;, explic\u00f3 en entrevista con el <em>Diario R\u00e9cord<\/em>.<\/p>\n<p style=\"text-align: center;\"><span style=\"color: #3366ff;\"><a href=\"https:\/\/www.futboltotal.com.mx\/futbol-mexicano\/liga-mx\/espn-transmitiria-a-rayados-apertura-2018\/2018\/01\">VER M\u00c1S: ESPN transmitir\u00eda a Rayados para el Apertura 2018<\/a><\/span><\/p>\n<p>Reyna descarta por completo que vayan a existir problemas en el vestidor de Toluca, el cual compartir\u00e1 con gente como <strong>Rubens Sambueza<\/strong>.<\/p>\n<p>&#8220;Nos llevamos muy bien, tuve el gusto de conocer a Rubens como contrario y fuera de la cancha y nos llevamos bastante bien, es un vestidor sano y con la misma mentalidad. Rubens tiene una mentalidad ganadora, tal y como la tiene \u00c1ngel Reyna y eso crea una gran fuerza que suma\u201d, se\u00f1al\u00f3.<\/p>\n<p>El \u00faltimo campe\u00f3n de goleo mexicano en los torneos cortos (<strong>Clausura 2011<\/strong>) ve a los Diablos Rojos como una vitrina para llamar la atenci\u00f3n de<strong> Juan Carlos Osorio<\/strong> y llegar al <strong>Mundial de Rusia<\/strong>.<\/p>\n<p>\u201cTenemos la mente puesta en la meta que es conseguir un t\u00edtulo con Toluca, sacar buenos resultados, levantar Copas y eso me da tambi\u00e9n la oportunidad de que me miren en la<strong> Selecci\u00f3n.<\/strong> Estoy en Toluca por buscar esa oportunidad de hacer las cosas bien y regresar a Selecci\u00f3n y estar en Rusia\u201d.<\/p>\n<p><em>*Con informaci\u00f3n del diario R\u00e9cord<\/em><\/p>\n","protected":false},"excerpt":{"rendered":"<p>El jugador mexicano agradece estar de regreso en la Primera Divisi\u00f3n.<\/p>\n","protected":false},"author":129,"featured_media":513568,"comment_status":"closed","ping_status":"closed","sticky":false,"template":"","format":"standard","meta":[],"categories":[2198,3845],"tags":[1659,1565,2232,5975],"_links":{"self":[{"href":"http:\/\/desarrollo.grupomedios.com\/futbol\/wp-json\/wp\/v2\/posts\/513563"}],"collection":[{"href":"http:\/\/desarrollo.grupomedios.com\/futbol\/wp-json\/wp\/v2\/posts"}],"about":[{"href":"http:\/\/desarrollo.grupomedios.com\/futbol\/wp-json\/wp\/v2\/types\/post"}],"author":[{"embeddable":true,"href":"http:\/\/desarrollo.grupomedios.com\/futbol\/wp-json\/wp\/v2\/users\/129"}],"replies":[{"embeddable":true,"href":"http:\/\/desarrollo.grupomedios.com\/futbol\/wp-json\/wp\/v2\/comments?post=513563"}],"version-history":[{"count":1,"href":"http:\/\/desarrollo.grupomedios.com\/futbol\/wp-json\/wp\/v2\/posts\/513563\/revisions"}],"predecessor-version":[{"id":513569,"href":"http:\/\/desarrollo.grupomedios.com\/futbol\/wp-json\/wp\/v2\/posts\/513563\/revisions\/513569"}],"wp:featuredmedia":[{"embeddable":true,"href":"http:\/\/desarrollo.grupomedios.com\/futbol\/wp-json\/wp\/v2\/media\/513568"}],"wp:attachment":[{"href":"http:\/\/desarrollo.grupomedios.com\/futbol\/wp-json\/wp\/v2\/media?parent=513563"}],"wp:term":[{"taxonomy":"category","embeddable":true,"href":"http:\/\/desarrollo.grupomedios.com\/futbol\/wp-json\/wp\/v2\/categories?post=513563"},{"taxonomy":"post_tag","embeddable":true,"href":"http:\/\/desarrollo.grupomedios.com\/futbol\/wp-json\/wp\/v2\/tags?post=513563"}],"curies":[{"name":"wp","href":"https:\/\/api.w.org\/{rel}","templated":true}]}}